{"id":1596,"date":"2015-10-02T16:00:56","date_gmt":"2015-10-02T14:00:56","guid":{"rendered":"https:\/\/ilmondodiadriano.it\/blog\/?p=1596"},"modified":"2016-10-09T20:59:44","modified_gmt":"2016-10-09T18:59:44","slug":"non-credevo-alle-mie-orecchie","status":"publish","type":"post","link":"https:\/\/ilmondodiadriano.it\/eng\/2015\/10\/02\/non-credevo-alle-mie-orecchie\/","title":{"rendered":"Non credevo alle mie orecchie!"},"content":{"rendered":"<p>Non credevo alle mie orecchie! &#8220;Ho capito male &#8211; ho chiesto ieri sera a Claudia mentre guardavo il TG &#8211; o davvero Franceschini ha detto via le grandi navi da Venezia!&#8221;. &#8220;No, hai capito bene&#8221;. Grande Dario!!! Mentre lo dicevi sembravi &#8220;pi\u00f9 migliore&#8221; di quello che gi\u00e0 sei. A differenza invece della Moretti che, tranne quando si veste da ferroviere, la reputo una delle donne pi\u00f9 affascinanti del mondo politico, certo nel venirti contro ora si sar\u00e0 un po&#8217; imbruttita. Ma se avr\u00e0 modo di riflettere almeno un pochino sulla tua SAGGIA decisione di voler spazzare via per sempre i grandi MOSTRI dal pi\u00f9 bel &#8220;quadro vivente&#8221; del Pianeta, sono certo si riprender\u00e0 subito e manterr\u00e0 intatto il suo fascino. Bravo Dario!!! E non dar retta alle palle che dice l&#8217;ipocrita Zaia riguardo alla perdita dei posti di lavoro. Lontana dai MOSTRI, Venezia guadagner\u00e0 anche economicamente.<\/p>\n<p>Adriano<\/p>\n","protected":false},"excerpt":{"rendered":"<p>Non credevo alle mie orecchie! &#8220;Ho capito male &#8211; ho chiesto ieri sera a Claudia mentre guardavo il TG &#8211; o davvero Franceschini ha detto via le grandi navi da Venezia!&#8221;. &#8220;No, hai capito bene&#8221;. Grande Dario!!! Mentre lo dicevi sembravi &#8220;pi\u00f9 migliore&#8221; di quello che gi\u00e0 sei. A differenza invece della Moretti che, tranne [&hellip;]<\/p>\n","protected":false},"author":1,"featured_media":7148,"comment_status":"closed","ping_status":"closed","sticky":false,"template":"","format":"standard","meta":{"footnotes":""},"categories":[1],"tags":[],"class_list":["post-1596","post","type-post","status-publish","format-standard","has-post-thumbnail","hentry","category-l-articolo"],"yoast_head":"<!-- This site is optimized with the Yoast SEO plugin v26.8 - https:\/\/yoast.com\/product\/yoast-seo-wordpress\/ -->\n<title>Non credevo alle mie orecchie! - Il Mondo di Adriano<\/title>\n<meta name=\"robots\" content=\"index, follow, max-snippet:-1, max-image-preview:large, max-video-preview:-1\" \/>\n<link rel=\"canonical\" href=\"https:\/\/ilmondodiadriano.it\/eng\/2015\/10\/02\/non-credevo-alle-mie-orecchie\/\" \/>\n<meta property=\"og:locale\" content=\"en_US\" \/>\n<meta property=\"og:type\" content=\"article\" \/>\n<meta property=\"og:title\" content=\"Non credevo alle mie orecchie! - Il Mondo di Adriano\" \/>\n<meta property=\"og:description\" content=\"Non credevo alle mie orecchie! &#8220;Ho capito male &#8211; ho chiesto ieri sera a Claudia mentre guardavo il TG &#8211; o davvero Franceschini ha detto via le grandi navi da Venezia!&#8221;. &#8220;No, hai capito bene&#8221;. Grande Dario!!! Mentre lo dicevi sembravi &#8220;pi\u00f9 migliore&#8221; di quello che gi\u00e0 sei. A differenza invece della Moretti che, tranne [&hellip;]\" \/>\n<meta property=\"og:url\" content=\"https:\/\/ilmondodiadriano.it\/eng\/2015\/10\/02\/non-credevo-alle-mie-orecchie\/\" \/>\n<meta property=\"og:site_name\" content=\"Il Mondo di Adriano\" \/>\n<meta property=\"article:published_time\" content=\"2015-10-02T14:00:56+00:00\" \/>\n<meta property=\"article:modified_time\" content=\"2016-10-09T18:59:44+00:00\" \/>\n<meta property=\"og:image\" content=\"https:\/\/ilmondodiadriano.it\/eng\/wp-content\/uploads\/2015\/10\/foto-nave.jpg\" \/>\n\t<meta property=\"og:image:width\" content=\"1652\" \/>\n\t<meta property=\"og:image:height\" content=\"951\" \/>\n\t<meta property=\"og:image:type\" content=\"image\/jpeg\" \/>\n<meta name=\"author\" content=\"ac\" \/>\n<meta name=\"twitter:card\" content=\"summary_large_image\" \/>\n<meta name=\"twitter:label1\" content=\"Written by\" \/>\n\t<meta name=\"twitter:data1\" content=\"ac\" \/>\n\t<meta name=\"twitter:label2\" content=\"Est. reading time\" \/>\n\t<meta name=\"twitter:data2\" content=\"1 minute\" \/>\n<script type=\"application\/ld+json\" class=\"yoast-schema-graph\">{\"@context\":\"https:\/\/schema.org\",\"@graph\":[{\"@type\":\"Article\",\"@id\":\"https:\/\/ilmondodiadriano.it\/eng\/2015\/10\/02\/non-credevo-alle-mie-orecchie\/#article\",\"isPartOf\":{\"@id\":\"https:\/\/ilmondodiadriano.it\/eng\/2015\/10\/02\/non-credevo-alle-mie-orecchie\/\"},\"author\":{\"name\":\"ac\",\"@id\":\"https:\/\/ilmondodiadriano.it\/eng\/#\/schema\/person\/17e1d2baeb91b2eaca79e823e1071a37\"},\"headline\":\"Non credevo alle mie orecchie!\",\"datePublished\":\"2015-10-02T14:00:56+00:00\",\"dateModified\":\"2016-10-09T18:59:44+00:00\",\"mainEntityOfPage\":{\"@id\":\"https:\/\/ilmondodiadriano.it\/eng\/2015\/10\/02\/non-credevo-alle-mie-orecchie\/\"},\"wordCount\":152,\"image\":{\"@id\":\"https:\/\/ilmondodiadriano.it\/eng\/2015\/10\/02\/non-credevo-alle-mie-orecchie\/#primaryimage\"},\"thumbnailUrl\":\"https:\/\/ilmondodiadriano.it\/eng\/wp-content\/uploads\/2015\/10\/foto-nave.jpg\",\"articleSection\":[\"Articolo\"],\"inLanguage\":\"en-US\"},{\"@type\":\"WebPage\",\"@id\":\"https:\/\/ilmondodiadriano.it\/eng\/2015\/10\/02\/non-credevo-alle-mie-orecchie\/\",\"url\":\"https:\/\/ilmondodiadriano.it\/eng\/2015\/10\/02\/non-credevo-alle-mie-orecchie\/\",\"name\":\"Non credevo alle mie orecchie! - Il Mondo di Adriano\",\"isPartOf\":{\"@id\":\"https:\/\/ilmondodiadriano.it\/eng\/#website\"},\"primaryImageOfPage\":{\"@id\":\"https:\/\/ilmondodiadriano.it\/eng\/2015\/10\/02\/non-credevo-alle-mie-orecchie\/#primaryimage\"},\"image\":{\"@id\":\"https:\/\/ilmondodiadriano.it\/eng\/2015\/10\/02\/non-credevo-alle-mie-orecchie\/#primaryimage\"},\"thumbnailUrl\":\"https:\/\/ilmondodiadriano.it\/eng\/wp-content\/uploads\/2015\/10\/foto-nave.jpg\",\"datePublished\":\"2015-10-02T14:00:56+00:00\",\"dateModified\":\"2016-10-09T18:59:44+00:00\",\"author\":{\"@id\":\"https:\/\/ilmondodiadriano.it\/eng\/#\/schema\/person\/17e1d2baeb91b2eaca79e823e1071a37\"},\"breadcrumb\":{\"@id\":\"https:\/\/ilmondodiadriano.it\/eng\/2015\/10\/02\/non-credevo-alle-mie-orecchie\/#breadcrumb\"},\"inLanguage\":\"en-US\",\"potentialAction\":[{\"@type\":\"ReadAction\",\"target\":[\"https:\/\/ilmondodiadriano.it\/eng\/2015\/10\/02\/non-credevo-alle-mie-orecchie\/\"]}]},{\"@type\":\"ImageObject\",\"inLanguage\":\"en-US\",\"@id\":\"https:\/\/ilmondodiadriano.it\/eng\/2015\/10\/02\/non-credevo-alle-mie-orecchie\/#primaryimage\",\"url\":\"https:\/\/ilmondodiadriano.it\/eng\/wp-content\/uploads\/2015\/10\/foto-nave.jpg\",\"contentUrl\":\"https:\/\/ilmondodiadriano.it\/eng\/wp-content\/uploads\/2015\/10\/foto-nave.jpg\",\"width\":1652,\"height\":951},{\"@type\":\"BreadcrumbList\",\"@id\":\"https:\/\/ilmondodiadriano.it\/eng\/2015\/10\/02\/non-credevo-alle-mie-orecchie\/#breadcrumb\",\"itemListElement\":[{\"@type\":\"ListItem\",\"position\":1,\"name\":\"Home\",\"item\":\"https:\/\/ilmondodiadriano.it\/eng\/\"},{\"@type\":\"ListItem\",\"position\":2,\"name\":\"Non credevo alle mie orecchie!\"}]},{\"@type\":\"WebSite\",\"@id\":\"https:\/\/ilmondodiadriano.it\/eng\/#website\",\"url\":\"https:\/\/ilmondodiadriano.it\/eng\/\",\"name\":\"Il Mondo di Adriano\",\"description\":\"The official Adriano Celentano website\",\"potentialAction\":[{\"@type\":\"SearchAction\",\"target\":{\"@type\":\"EntryPoint\",\"urlTemplate\":\"https:\/\/ilmondodiadriano.it\/eng\/?s={search_term_string}\"},\"query-input\":{\"@type\":\"PropertyValueSpecification\",\"valueRequired\":true,\"valueName\":\"search_term_string\"}}],\"inLanguage\":\"en-US\"},{\"@type\":\"Person\",\"@id\":\"https:\/\/ilmondodiadriano.it\/eng\/#\/schema\/person\/17e1d2baeb91b2eaca79e823e1071a37\",\"name\":\"ac\",\"image\":{\"@type\":\"ImageObject\",\"inLanguage\":\"en-US\",\"@id\":\"https:\/\/ilmondodiadriano.it\/eng\/#\/schema\/person\/image\/\",\"url\":\"https:\/\/secure.gravatar.com\/avatar\/21349271868ddc52cdfe3be60c0f62e4?s=96&d=mm&r=g\",\"contentUrl\":\"https:\/\/secure.gravatar.com\/avatar\/21349271868ddc52cdfe3be60c0f62e4?s=96&d=mm&r=g\",\"caption\":\"ac\"},\"url\":\"https:\/\/ilmondodiadriano.it\/eng\/author\/ac\/\"}]}<\/script>\n<!-- \/ Yoast SEO plugin. -->","yoast_head_json":{"title":"Non credevo alle mie orecchie! - Il Mondo di Adriano","robots":{"index":"index","follow":"follow","max-snippet":"max-snippet:-1","max-image-preview":"max-image-preview:large","max-video-preview":"max-video-preview:-1"},"canonical":"https:\/\/ilmondodiadriano.it\/eng\/2015\/10\/02\/non-credevo-alle-mie-orecchie\/","og_locale":"en_US","og_type":"article","og_title":"Non credevo alle mie orecchie! - Il Mondo di Adriano","og_description":"Non credevo alle mie orecchie! &#8220;Ho capito male &#8211; ho chiesto ieri sera a Claudia mentre guardavo il TG &#8211; o davvero Franceschini ha detto via le grandi navi da Venezia!&#8221;. &#8220;No, hai capito bene&#8221;. Grande Dario!!! Mentre lo dicevi sembravi &#8220;pi\u00f9 migliore&#8221; di quello che gi\u00e0 sei. A differenza invece della Moretti che, tranne [&hellip;]","og_url":"https:\/\/ilmondodiadriano.it\/eng\/2015\/10\/02\/non-credevo-alle-mie-orecchie\/","og_site_name":"Il Mondo di Adriano","article_published_time":"2015-10-02T14:00:56+00:00","article_modified_time":"2016-10-09T18:59:44+00:00","og_image":[{"width":1652,"height":951,"url":"https:\/\/ilmondodiadriano.it\/eng\/wp-content\/uploads\/2015\/10\/foto-nave.jpg","type":"image\/jpeg"}],"author":"ac","twitter_card":"summary_large_image","twitter_misc":{"Written by":"ac","Est. reading time":"1 minute"},"schema":{"@context":"https:\/\/schema.org","@graph":[{"@type":"Article","@id":"https:\/\/ilmondodiadriano.it\/eng\/2015\/10\/02\/non-credevo-alle-mie-orecchie\/#article","isPartOf":{"@id":"https:\/\/ilmondodiadriano.it\/eng\/2015\/10\/02\/non-credevo-alle-mie-orecchie\/"},"author":{"name":"ac","@id":"https:\/\/ilmondodiadriano.it\/eng\/#\/schema\/person\/17e1d2baeb91b2eaca79e823e1071a37"},"headline":"Non credevo alle mie orecchie!","datePublished":"2015-10-02T14:00:56+00:00","dateModified":"2016-10-09T18:59:44+00:00","mainEntityOfPage":{"@id":"https:\/\/ilmondodiadriano.it\/eng\/2015\/10\/02\/non-credevo-alle-mie-orecchie\/"},"wordCount":152,"image":{"@id":"https:\/\/ilmondodiadriano.it\/eng\/2015\/10\/02\/non-credevo-alle-mie-orecchie\/#primaryimage"},"thumbnailUrl":"https:\/\/ilmondodiadriano.it\/eng\/wp-content\/uploads\/2015\/10\/foto-nave.jpg","articleSection":["Articolo"],"inLanguage":"en-US"},{"@type":"WebPage","@id":"https:\/\/ilmondodiadriano.it\/eng\/2015\/10\/02\/non-credevo-alle-mie-orecchie\/","url":"https:\/\/ilmondodiadriano.it\/eng\/2015\/10\/02\/non-credevo-alle-mie-orecchie\/","name":"Non credevo alle mie orecchie! - Il Mondo di Adriano","isPartOf":{"@id":"https:\/\/ilmondodiadriano.it\/eng\/#website"},"primaryImageOfPage":{"@id":"https:\/\/ilmondodiadriano.it\/eng\/2015\/10\/02\/non-credevo-alle-mie-orecchie\/#primaryimage"},"image":{"@id":"https:\/\/ilmondodiadriano.it\/eng\/2015\/10\/02\/non-credevo-alle-mie-orecchie\/#primaryimage"},"thumbnailUrl":"https:\/\/ilmondodiadriano.it\/eng\/wp-content\/uploads\/2015\/10\/foto-nave.jpg","datePublished":"2015-10-02T14:00:56+00:00","dateModified":"2016-10-09T18:59:44+00:00","author":{"@id":"https:\/\/ilmondodiadriano.it\/eng\/#\/schema\/person\/17e1d2baeb91b2eaca79e823e1071a37"},"breadcrumb":{"@id":"https:\/\/ilmondodiadriano.it\/eng\/2015\/10\/02\/non-credevo-alle-mie-orecchie\/#breadcrumb"},"inLanguage":"en-US","potentialAction":[{"@type":"ReadAction","target":["https:\/\/ilmondodiadriano.it\/eng\/2015\/10\/02\/non-credevo-alle-mie-orecchie\/"]}]},{"@type":"ImageObject","inLanguage":"en-US","@id":"https:\/\/ilmondodiadriano.it\/eng\/2015\/10\/02\/non-credevo-alle-mie-orecchie\/#primaryimage","url":"https:\/\/ilmondodiadriano.it\/eng\/wp-content\/uploads\/2015\/10\/foto-nave.jpg","contentUrl":"https:\/\/ilmondodiadriano.it\/eng\/wp-content\/uploads\/2015\/10\/foto-nave.jpg","width":1652,"height":951},{"@type":"BreadcrumbList","@id":"https:\/\/ilmondodiadriano.it\/eng\/2015\/10\/02\/non-credevo-alle-mie-orecchie\/#breadcrumb","itemListElement":[{"@type":"ListItem","position":1,"name":"Home","item":"https:\/\/ilmondodiadriano.it\/eng\/"},{"@type":"ListItem","position":2,"name":"Non credevo alle mie orecchie!"}]},{"@type":"WebSite","@id":"https:\/\/ilmondodiadriano.it\/eng\/#website","url":"https:\/\/ilmondodiadriano.it\/eng\/","name":"Il Mondo di Adriano","description":"The official Adriano Celentano website","potentialAction":[{"@type":"SearchAction","target":{"@type":"EntryPoint","urlTemplate":"https:\/\/ilmondodiadriano.it\/eng\/?s={search_term_string}"},"query-input":{"@type":"PropertyValueSpecification","valueRequired":true,"valueName":"search_term_string"}}],"inLanguage":"en-US"},{"@type":"Person","@id":"https:\/\/ilmondodiadriano.it\/eng\/#\/schema\/person\/17e1d2baeb91b2eaca79e823e1071a37","name":"ac","image":{"@type":"ImageObject","inLanguage":"en-US","@id":"https:\/\/ilmondodiadriano.it\/eng\/#\/schema\/person\/image\/","url":"https:\/\/secure.gravatar.com\/avatar\/21349271868ddc52cdfe3be60c0f62e4?s=96&d=mm&r=g","contentUrl":"https:\/\/secure.gravatar.com\/avatar\/21349271868ddc52cdfe3be60c0f62e4?s=96&d=mm&r=g","caption":"ac"},"url":"https:\/\/ilmondodiadriano.it\/eng\/author\/ac\/"}]}},"_links":{"self":[{"href":"https:\/\/ilmondodiadriano.it\/eng\/wp-json\/wp\/v2\/posts\/1596","targetHints":{"allow":["GET"]}}],"collection":[{"href":"https:\/\/ilmondodiadriano.it\/eng\/wp-json\/wp\/v2\/posts"}],"about":[{"href":"https:\/\/ilmondodiadriano.it\/eng\/wp-json\/wp\/v2\/types\/post"}],"author":[{"embeddable":true,"href":"https:\/\/ilmondodiadriano.it\/eng\/wp-json\/wp\/v2\/users\/1"}],"replies":[{"embeddable":true,"href":"https:\/\/ilmondodiadriano.it\/eng\/wp-json\/wp\/v2\/comments?post=1596"}],"version-history":[{"count":5,"href":"https:\/\/ilmondodiadriano.it\/eng\/wp-json\/wp\/v2\/posts\/1596\/revisions"}],"predecessor-version":[{"id":7151,"href":"https:\/\/ilmondodiadriano.it\/eng\/wp-json\/wp\/v2\/posts\/1596\/revisions\/7151"}],"wp:featuredmedia":[{"embeddable":true,"href":"https:\/\/ilmondodiadriano.it\/eng\/wp-json\/wp\/v2\/media\/7148"}],"wp:attachment":[{"href":"https:\/\/ilmondodiadriano.it\/eng\/wp-json\/wp\/v2\/media?parent=1596"}],"wp:term":[{"taxonomy":"category","embeddable":true,"href":"https:\/\/ilmondodiadriano.it\/eng\/wp-json\/wp\/v2\/categories?post=1596"},{"taxonomy":"post_tag","embeddable":true,"href":"https:\/\/ilmondodiadriano.it\/eng\/wp-json\/wp\/v2\/tags?post=1596"}],"curies":[{"name":"wp","href":"https:\/\/api.w.org\/{rel}","templated":true}]}}