{"id":1798,"date":"2014-04-18T13:02:10","date_gmt":"2014-04-18T11:02:10","guid":{"rendered":"https:\/\/ilmondodiadriano.it\/blog\/?p=734"},"modified":"2016-10-09T20:27:43","modified_gmt":"2016-10-09T18:27:43","slug":"di-adriano-celentano","status":"publish","type":"post","link":"https:\/\/ilmondodiadriano.it\/eng\/2014\/04\/18\/di-adriano-celentano\/","title":{"rendered":"di Adriano Celentano"},"content":{"rendered":"<p>Perch\u00e9 il Papa piace a tutti? E non solo a quelli che conducono una vita dai comportamenti ineccepibili, i quali fanno dell&#8217;onest\u00e0 e la trasparenza la loro principale ragione di vita ma, strano a dirsi, piace anche ai disonesti e persino ai criminali, che senza accorgersi correrebbero il grosso pericolo di essere deviati nella direzione opposta alla loro malvagit\u00e0. E quindi di redimersi sulla via di Damasco prima che per loro sia TROPPO TARDI. Insomma Pa&#8217; Francesco piace ai buoni perch\u00e9 la sua presenza, il suo modo di fare, rafforza e rende quasi visibile la grande prospettiva di una VITA gioiosa, che neanche possiamo immaginare quanto sia REALE!!! E contemporaneamente insinua nei cattivi l&#8217;atroce dubbio che forse dopo questa di vita (assai pi\u00f9 breve di un LAMPO) ce ne possa essere un&#8217;altra, per\u00f2 ETERNA, alla quale i cattivi potrebbero non partecipare. Si potrebbe dire che Pa&#8217; Francesco \u00e8\u00a0il Papa degli sconvolgimenti sia per i buoni che per i cattivi. Figlio perfetto, dunque, di quello sconvolgimento EPOCALE provocato dalle storiche dimissioni di Ratzinger.<\/p>\n<p>Una vera e propria scossa di terremoto che non capitava da pi\u00f9 di settecento anni. Un fragore, attraverso il quale, il nuovo signore vestito di bianco si poneva al centro del mondo gi\u00e0 dal suo primo &#8220;buona sera!&#8221;. E il forte accento sulla grande figura del Messia. Ecco il successo di questo Papa. Quando l&#8217;umile Bergoglio parla di Ges\u00f9 lo fa con una tale passione che ce lo fa sentire vicino, semplice e amichevole come un Padre pronto a perdonare tutti coloro che si imbattono lungo il SUO luminoso tracciato. Unica VERA via di salvezza e di VERITA&#8217;. E lo fa ogni domenica quando durante l&#8217;Angelus parla di Ges\u00f9. In una delle sue ultime apparizioni ci consigli\u00f2 di avere sempre con noi un piccolo Vangelo tascabile, in modo che durante il giorno, ovunque ci troviamo, in qualunque situazione o addirittura nel bel mezzo di una importante trattativa d&#8217;affari, lo si possa aprire, cos\u00ec a caso, tanto per leggerne un passo e magari, scoprire che proprio dal quel passo nasce la fulminea intuizione che forse quella trattativa, nel modo di come la stavamo conducendo, non si dovrebbe fare, poich\u00e9 incompatibile con l?insegnamento che ne deriverebbe dal piccolo Tascabile.<\/p>\n<p>&#8220;Lo farete?&#8221; chiese ai 100 mila presenti in Piazza S. Pietro. La risposta non la si percep\u00ec a causa, purtroppo, di un Vaticano distratto proprio nel momento in cui il Papa dovrebbe essere pi\u00f9 difeso. Non provvedere a una cosa cos\u00ec semplice quanto elementare come quella di posizionare nei vari punti della piazza, alcuni microfoni pronti ad amplificare un&#8217;eventuale risposta della gente, quando \u00e8\u00a0proprio il Papa a sollecitarla, \u00e8\u00a0una mancanza, a mio avviso, non all&#8217;altezza dei TEMPI. Basta un operatore con un piccolo mixer a due tracce, dove su un volume c&#8217;\u00e8 la voce del Papa e sull&#8217;altro la voce della piazza. In modo che quando l&#8217;Amatissimo si rivolge alla gente e chiede &#8220;lo farete?&#8221; l&#8217;operatore non ha che da alzare il volume, affinch\u00e9 anche da casa sia possibile sentire la risposta dei fedeli.<\/p>\n<p>Perch\u00e9 al Papa non basta che la piazza sia gremita. Lui vuole che la gente sappia che dall&#8217;alto di quella finestra quando egli si affaccia, non sta raccontando una favola, e allora insiste perch\u00e9 la gente si illumini attraverso il Vangelo. Si renda conto che per scrivere quelle parole di VITA ETERNA, Ges\u00f9 ha dovuto morire sulla croce. E pensare che se avesse voluto gli bastava uno sguardo per annientare qualunque nemico, ma Lui non solo non ha reagito, ma ha rimproverato severamente Pietro, quando con la spada tagli\u00f2 di netto l&#8217;orecchio al centurione. Ges\u00f9 raccolse quell&#8217;orecchio ancora insanguinato e avvicinatosi al centurione glielo riattacc\u00f2: &#8220;vai sei guarito&#8221; disse al soldato prima che le guardie lo portassero via,\u00a0&#8220;nessuno deve soffrire per causa mia&#8221;; e rivoltosi a Pietro disse: &#8220;ancora non hai capito per quale ragione sono venuto al mondo&#8221; Se avessi voluto credi che il Padre mio non mi avrebbe inviato 12 legioni di angeli per soccorrermi?&#8221;. Che tradotto significa:<\/p>\n<p>&#8211; L&#8217;Amore del Padre mio e del suo Figlio unigenito quale io sono non conosce confini &#8211; Il non reagire mentre lo arrestavano, ma addirittura guarire l&#8217;orecchio del nemico, credo sia stato il gesto pi\u00f9 clamoroso che Ges\u00f9 abbia fatto contro ogni forma di violenza. Io non c&#8217;ero quella sera, ma sono certo che Ges\u00f9 mentre riattaccava l&#8217;orecchio al centurione, lo guardava fisso negli occhi e con la dolcezza del suo sguardo, senza parlare, gli diceva: &#8220;state arrestando Dio&#8221;.<\/p>\n<p>Nessuna giustificazione quindi per i nemici di Dio, neanche la pi\u00f9 remota possibilit\u00e0, che una macchia si adombrasse nello splendore di Chi ama fino al punto di perdere la vita. E&#8217;\u00a0questa la grande notizia che Ges\u00f9 ha voluto darci. Una certezza vera, dove non c&#8217;\u00e8 posto per la menzogna perch\u00e9\u00a0\u00e8 fuori dall&#8217;orbita della VITA ETERNA, come purtroppo resteranno fuori (ma a Dio niente \u00e8\u00a0impossibile) tutti coloro che hanno imprigionato la loro anima in un involucro di croste ormai in putrefazione, infette di malvagit\u00e0 e omicidi. Croste cos\u00ec spesse che possono scomparire solo dietro la folgorazione di un sincero pentimento. Ma pentirsi quando si commettono crimini cos\u00ec tanto spietati, non \u00e8\u00a0facile. Pi\u00f9 le croste sono spesse e pi\u00f9\u00a0\u00e8 quasi impossibile pentirsi, poich\u00e9\u00a0il cuore dell&#8217;uomo si indurisce a tal punto che al confronto, persino l&#8217;acciaio appare pi\u00f9 morbido. Qualcuno si domander\u00e0, e mi riferisco a quei credenti che ancora hanno qualche dubbio, perch\u00e9 Ges\u00f9 ha dovuto patire cos\u00ec tanta sofferenza? Certo gli bastava un niente per difendersi. E quand&#8217;anche tutti si fossero armati, cosa potevano contro di Lui? La forza di cui l&#8217;uomo dispone non \u00e8\u00a0che la miliardesima parte di un granello di sabbia in confronto alla potenza di Dio. Non ci sono bombe atomiche che tengano, qualunque malefico ordigno creato dalla mente distruttiva dell&#8217;uomo, perderebbe la sua energia prima ancora di scoppiare. E allora perch\u00e9, vi domanderete, Lui che \u00e8\u00a0il creatore e Padrone di tutte le cose, che pu\u00f2 fare e disporre come vuole, fare entrare in Paradiso anche quelli che non se lo meritano, perch\u00e9 ha voluto soffrire cos\u00ec tanto? Una domanda questa che mi sono posto anch&#8217;io quand&#8217;ero pi\u00f9 piccolo, ma nessuno \u00e8\u00a0stato capace di darmi una risposta convincente, oppure ero io &#8220;gnucco&#8221; che non l&#8217;avevo capita.<\/p>\n<p>Quella che invece io mi sono dato, per quanto complessa, vi assicuro che \u00e8\u00a0abbastanza semplice: qualcosa mi dice che Dio, prima di essere infinitamente GIUSTO, \u00e8\u00a0soprattutto infinitamente BUONO. Non si pu\u00f2 essere giusti se prima non si \u00e8\u00a0buoni. I collegi giudicanti correrebbero il rischio di una sentenza gelida e inappropriata, non solo quando la pena \u00e8\u00a0esagerata come nel caso di Fabrizio Corona, ma anche quando la pena \u00e8\u00a0insufficiente, come spesso accade oggi quando certi giudici, sentenziano una differenza di pena tra il mandante e l&#8217;esecutore. Con quale stupido criterio si stabilisce che l&#8217;esecutore \u00e8\u00a0meno colpevole del mandante e viceversa? Ecco uno dei casi in cui il giudice \u00e8\u00a0solo un giudice ma non \u00e8\u00a0affatto buono in quanto, ancora una volta \u00e8\u00a0la vittima a subire l&#8217;aggressione pi\u00f9 umiliante, come nel caso di Lucia Annibali, la ragazza sfregiata con l&#8217;acido. Se quando uno uccide si becca 30 anni di galera, sfregiare con l&#8217;acido il volto di una persona non significa solo uccidere, ma deturpare, trucidare, una, 100 volte la vita dell&#8217;UMANITA&#8217; INTERA.<\/p>\n<p>Per cui Dio (non vorrei essere frainteso) non potrebbe dare nessuna sentenza se il criterio con il quale giudica non fosse prima di tutto corrispondente alla sua di NATURA, che Lui stesso ha creato. Un meccanismo perfetto dal quale, a causa della sua infinita BONTA&#8217;, deve dipendere. Mi rendo conto che la parola &#8220;dipendere&#8221; associata all&#8217;Onnipotente ha pi\u00f9 il sapore di una bestemmia ma non \u00e8\u00a0cos\u00ec. Che giustizia sarebbe quella di Dio, se dopo aver aperto le porte del Paradiso a un santo come Padre Pio, gli affiancasse negli stessi luoghi CELESTI un vicino di casa come Hitler? Capirete che non \u00e8\u00a0difficile immaginare cosa penserebbe il povero fraticello di Pietrelcina che rivolgendosi al Padre Gli direbbe: &#8220;a cosa \u00e8\u00a0valso condurre nel mondo una vita di sacrificio, quale io ho scelto per amore tuo, se poi Tu, dai lo stesso merito anche a chi uccide?&#8221;. In tal caso il Padre nostro si troverebbe nella condizione di tradire l&#8217;ESSENZA della sua stessa NATURA. E siccome Dio non vuole essere amato per imposizione ma, al contrario invece, per una scelta spontanea dell&#8217;uomo, ecco allora il motivo del suo sacrificio sulla terra. Non solo per dimostrare all&#8217;uomo che non si tratta affatto di una favola: Dio esiste davvero. Ma soprattutto per metterlo in guardia dal grande pericolo che correrebbe, non se non credesse in LUI (su questo ci passerebbe anche sopra) ma nei suoi insegnamenti. Che alla fine \u00e8\u00a0come credere in LUI.<\/p>\n<p>&#8220;Chiunque creder\u00e0 in me&#8221;\u00a0 ha detto &#8220;VIVRA&#8217; per sempre nell&#8217;ETERNA GIOVINEZZA&#8221;.<\/p>\n<p>Parole grosse per chi non crede. Talmente grosse da pensare che potrebbero essere quelle di un bugiardo. Ma chi \u00e8\u00a0bugiardo fino al punto di promettere la vita eterna \u00e8\u00a0anche un traditore, un ladro e forse anche un assassino. Ma come pu\u00f2 essere un bugiardo colui che predicando l&#8217;AMORE guarisce gli infermi, rid\u00e0 la vista ai ciechi e risuscita i morti?<\/p>\n<p>Quando Ges\u00f9 and\u00f2 sul luogo dove Lazzaro era sepolto da quattro giorni e gi\u00e0 mandava cattivo odore, la sorella Marta piangendo disse a Ges\u00f9: &#8220;se tu fossi stato qui, mio fratello non sarebbe morto&#8221;, Ges\u00f9, preso dalla commozione disse: &#8220;io sono la resurrezione e la VITA, chi crede in me vivr\u00e0 in ETERNO e chi vive credendo in me, non morir\u00e0 mai&#8221;. Poco dopo Lazzaro usc\u00ec dalla tomba con le sue gambe ancora tutto bendato e avvolto nel sudario. La notizia si sparse in tutta la Galilea. Ma per quanto avesse compiuto grandi segni, Ges\u00f9 gi\u00e0 sapeva che ancora non bastava. Doveva morire per convincere il mondo che Lui, e soltanto Lui, \u00e8\u00a0la VERITA&#8217;. Altrimenti potrebbe anche non essere vero che Lui \u00e8\u00a0il figlio di Dio. E se non \u00e8\u00a0vero, perch\u00e9 morire per una bugia cos\u00ec grande? Ma i farisei specie quelli di oggi, lo sanno bene che non \u00e8\u00a0una bugia e purtroppo non si rassegnano: Se Dio ama cos\u00ec tanto gli uomini al punto da perdere la propria vita, perch\u00e9 non perdona buoni e cattivi e li porta tutti quanti in Paradiso? Nessuno Glielo pu\u00f2 impedire. Ma \u00e8\u00a0proprio qui il punto. Chi glielo impedirebbe \u00e8\u00a0proprio la SUA di NATURA, quella di Dio, che poi \u00e8\u00a0anche la nostra.<\/p>\n<p>Non dimentichiamoci che Lui ci ha creati a sua immagine e somiglianza. Un legame, quello fra Dio e gli uomini, che pu\u00f2 essere paragonato al pari di quel legame che l&#8217;uomo ha con le proprie membra. &#8220;Se la tua mano ti scandalizza, tagliala&#8221; disse Ges\u00f9, E&#8217;\u00a0meglio entrare nel Regno dei cieli monco e non gettato con tutto il corpo nel FUOCO. Praticamente \u00e8\u00a0come se l&#8217;uomo fosse il braccio destro di Dio.<\/p>\n<p>Lo sappiamo cosa pu\u00f2 succedere a un uomo nel caso che un braccio gli si ammali a tal punto che, se non curato in tempo, gli andasse in cancrena? &#8220;L&#8217;unica soluzione&#8221; dir\u00e0 il dottore &#8220;affinch\u00e9 l&#8217;infezione non raggiunga tutto il corpo e lo faccia morire, \u00e8\u00a0AMPUTARE il braccio&#8221;.\u00a0Va da s\u00e9, quindi, che per quanto riguarda l&#8217;ANIMA, &#8220;amputare&#8221; equivale a pentirsi se ne avessimo la forza e il proposito di pagare gi\u00e0 qui sulla terra il debito per il delitto commesso, prima che la nostra anima si inaridisca come una pianta SECCA.<\/p>\n<p>E a questo proposito, viene facile spiegare la &#8220;semplice&#8221; idea di Dio. Non conoscendo esattamente tutte le bellezze e lo splendore dell&#8217;UNIVERSO, possiamo immaginarlo, sia pure in modo riduttivo, come se fosse un grande prato verde dove la terra \u00e8\u00a0fertile e ricca di sostanze organiche di cui le piante si nutrono. Noi siamo le piante. Che se non bene innaffiate dai buoni propositi, la pianta si secca. Se la pianta si SECCA, il Pastore \u00e8\u00a0costretto a strapparla e gettarla nel FUOCO per liberare quello spazio di terreno fertile che diversamente, darebbe da mangiare a un morto che non d\u00e0 pi\u00f9 frutto. E di morti che non danno frutto o se lo danno \u00e8\u00a0infetto, ne \u00e8\u00a0piena la terra purtroppo. Ma a questa storia manca ancora il finale. Le ultime notizie dal Giappone dicono che i nuovi farisei, nonostante la tragedia di Fukushima, hanno annunciato la riapertura delle centrali nucleari. &#8220;In verit\u00e0 ti dico&#8221;\u00a0disse Ges\u00f9 a Nicodemo, un capo dei giudei che riconoscendo in Lui la potenza di Dio, and\u00f2 a trovarlo per un consiglio &#8220;se non si ha la forza di rinascere da capo non \u00e8\u00a0possibile entrare nel regno dei cieli&#8221; e Nicodemo gli dice:\u00a0&#8220;come pu\u00f2 un uomo rinascere da capo? Pu\u00f2 forse entrare per la seconda volta nel grembo di sua madre?&#8221;. Ges\u00f9 rispose: &#8220;noi parliamo di ci\u00f2 che sappiamo e testimoniamo ci\u00f2 che abbiamo visto, poich\u00e9 nessuno \u00e8 salito al cielo tranne coLui che \u00e8\u00a0disceso dal cielo. Ma voi non accogliete la nostra testimonianza. Se non credete quando vi ho detto cose terrene, come potete credere quando vi parlo di cose celesti?&#8221;.<\/p>\n<p>Buona Pasqua Francesco! E grazie per quel Vangelo tascabile che ci hai regalato. E&#8217;\u00a0con grande cura che in una delle nostre tasche lo conserveremo come se questo fosse il quinto Vangelo.<\/p>\n<p style=\"text-align: left;\">Adriano Celentano<\/p>\n<p style=\"text-align: left;\">\n","protected":false},"excerpt":{"rendered":"<p>Perch\u00e9 il Papa piace a tutti? E non solo a quelli che conducono una vita dai comportamenti ineccepibili, i quali fanno dell&#8217;onest\u00e0 e la trasparenza la loro principale ragione di vita ma, strano a dirsi, piace anche ai disonesti e persino ai criminali, che senza accorgersi correrebbero il grosso pericolo di essere deviati nella direzione [&hellip;]<\/p>\n","protected":false},"author":1,"featured_media":7990,"comment_status":"closed","ping_status":"closed","sticky":false,"template":"","format":"standard","meta":{"footnotes":""},"categories":[1],"tags":[],"class_list":["post-1798","post","type-post","status-publish","format-standard","has-post-thumbnail","hentry","category-l-articolo"],"yoast_head":"<!-- This site is optimized with the Yoast SEO plugin v26.8 - https:\/\/yoast.com\/product\/yoast-seo-wordpress\/ -->\n<title>di Adriano Celentano - Il Mondo di Adriano<\/title>\n<meta name=\"robots\" content=\"index, follow, max-snippet:-1, max-image-preview:large, max-video-preview:-1\" \/>\n<link rel=\"canonical\" href=\"https:\/\/ilmondodiadriano.it\/eng\/2014\/04\/18\/di-adriano-celentano\/\" \/>\n<meta property=\"og:locale\" content=\"en_US\" \/>\n<meta property=\"og:type\" content=\"article\" \/>\n<meta property=\"og:title\" content=\"di Adriano Celentano - Il Mondo di Adriano\" \/>\n<meta property=\"og:description\" content=\"Perch\u00e9 il Papa piace a tutti? E non solo a quelli che conducono una vita dai comportamenti ineccepibili, i quali fanno dell&#8217;onest\u00e0 e la trasparenza la loro principale ragione di vita ma, strano a dirsi, piace anche ai disonesti e persino ai criminali, che senza accorgersi correrebbero il grosso pericolo di essere deviati nella direzione [&hellip;]\" \/>\n<meta property=\"og:url\" content=\"https:\/\/ilmondodiadriano.it\/eng\/2014\/04\/18\/di-adriano-celentano\/\" \/>\n<meta property=\"og:site_name\" content=\"Il Mondo di Adriano\" \/>\n<meta property=\"article:published_time\" content=\"2014-04-18T11:02:10+00:00\" \/>\n<meta property=\"article:modified_time\" content=\"2016-10-09T18:27:43+00:00\" \/>\n<meta property=\"og:image\" content=\"https:\/\/ilmondodiadriano.it\/eng\/wp-content\/uploads\/2016\/07\/Adrian-640.jpg\" \/>\n\t<meta property=\"og:image:width\" content=\"640\" \/>\n\t<meta property=\"og:image:height\" content=\"471\" \/>\n\t<meta property=\"og:image:type\" content=\"image\/jpeg\" \/>\n<meta name=\"author\" content=\"ac\" \/>\n<meta name=\"twitter:card\" content=\"summary_large_image\" \/>\n<meta name=\"twitter:label1\" content=\"Written by\" \/>\n\t<meta name=\"twitter:data1\" content=\"ac\" \/>\n\t<meta name=\"twitter:label2\" content=\"Est. reading time\" \/>\n\t<meta name=\"twitter:data2\" content=\"11 minutes\" \/>\n<script type=\"application\/ld+json\" class=\"yoast-schema-graph\">{\"@context\":\"https:\/\/schema.org\",\"@graph\":[{\"@type\":\"Article\",\"@id\":\"https:\/\/ilmondodiadriano.it\/eng\/2014\/04\/18\/di-adriano-celentano\/#article\",\"isPartOf\":{\"@id\":\"https:\/\/ilmondodiadriano.it\/eng\/2014\/04\/18\/di-adriano-celentano\/\"},\"author\":{\"name\":\"ac\",\"@id\":\"https:\/\/ilmondodiadriano.it\/eng\/#\/schema\/person\/17e1d2baeb91b2eaca79e823e1071a37\"},\"headline\":\"di Adriano Celentano\",\"datePublished\":\"2014-04-18T11:02:10+00:00\",\"dateModified\":\"2016-10-09T18:27:43+00:00\",\"mainEntityOfPage\":{\"@id\":\"https:\/\/ilmondodiadriano.it\/eng\/2014\/04\/18\/di-adriano-celentano\/\"},\"wordCount\":2181,\"image\":{\"@id\":\"https:\/\/ilmondodiadriano.it\/eng\/2014\/04\/18\/di-adriano-celentano\/#primaryimage\"},\"thumbnailUrl\":\"https:\/\/ilmondodiadriano.it\/eng\/wp-content\/uploads\/2016\/07\/Adrian-640.jpg\",\"articleSection\":[\"Articolo\"],\"inLanguage\":\"en-US\"},{\"@type\":\"WebPage\",\"@id\":\"https:\/\/ilmondodiadriano.it\/eng\/2014\/04\/18\/di-adriano-celentano\/\",\"url\":\"https:\/\/ilmondodiadriano.it\/eng\/2014\/04\/18\/di-adriano-celentano\/\",\"name\":\"di Adriano Celentano - Il Mondo di Adriano\",\"isPartOf\":{\"@id\":\"https:\/\/ilmondodiadriano.it\/eng\/#website\"},\"primaryImageOfPage\":{\"@id\":\"https:\/\/ilmondodiadriano.it\/eng\/2014\/04\/18\/di-adriano-celentano\/#primaryimage\"},\"image\":{\"@id\":\"https:\/\/ilmondodiadriano.it\/eng\/2014\/04\/18\/di-adriano-celentano\/#primaryimage\"},\"thumbnailUrl\":\"https:\/\/ilmondodiadriano.it\/eng\/wp-content\/uploads\/2016\/07\/Adrian-640.jpg\",\"datePublished\":\"2014-04-18T11:02:10+00:00\",\"dateModified\":\"2016-10-09T18:27:43+00:00\",\"author\":{\"@id\":\"https:\/\/ilmondodiadriano.it\/eng\/#\/schema\/person\/17e1d2baeb91b2eaca79e823e1071a37\"},\"breadcrumb\":{\"@id\":\"https:\/\/ilmondodiadriano.it\/eng\/2014\/04\/18\/di-adriano-celentano\/#breadcrumb\"},\"inLanguage\":\"en-US\",\"potentialAction\":[{\"@type\":\"ReadAction\",\"target\":[\"https:\/\/ilmondodiadriano.it\/eng\/2014\/04\/18\/di-adriano-celentano\/\"]}]},{\"@type\":\"ImageObject\",\"inLanguage\":\"en-US\",\"@id\":\"https:\/\/ilmondodiadriano.it\/eng\/2014\/04\/18\/di-adriano-celentano\/#primaryimage\",\"url\":\"https:\/\/ilmondodiadriano.it\/eng\/wp-content\/uploads\/2016\/07\/Adrian-640.jpg\",\"contentUrl\":\"https:\/\/ilmondodiadriano.it\/eng\/wp-content\/uploads\/2016\/07\/Adrian-640.jpg\",\"width\":640,\"height\":471},{\"@type\":\"BreadcrumbList\",\"@id\":\"https:\/\/ilmondodiadriano.it\/eng\/2014\/04\/18\/di-adriano-celentano\/#breadcrumb\",\"itemListElement\":[{\"@type\":\"ListItem\",\"position\":1,\"name\":\"Home\",\"item\":\"https:\/\/ilmondodiadriano.it\/eng\/\"},{\"@type\":\"ListItem\",\"position\":2,\"name\":\"di Adriano Celentano\"}]},{\"@type\":\"WebSite\",\"@id\":\"https:\/\/ilmondodiadriano.it\/eng\/#website\",\"url\":\"https:\/\/ilmondodiadriano.it\/eng\/\",\"name\":\"Il Mondo di Adriano\",\"description\":\"The official Adriano Celentano website\",\"potentialAction\":[{\"@type\":\"SearchAction\",\"target\":{\"@type\":\"EntryPoint\",\"urlTemplate\":\"https:\/\/ilmondodiadriano.it\/eng\/?s={search_term_string}\"},\"query-input\":{\"@type\":\"PropertyValueSpecification\",\"valueRequired\":true,\"valueName\":\"search_term_string\"}}],\"inLanguage\":\"en-US\"},{\"@type\":\"Person\",\"@id\":\"https:\/\/ilmondodiadriano.it\/eng\/#\/schema\/person\/17e1d2baeb91b2eaca79e823e1071a37\",\"name\":\"ac\",\"image\":{\"@type\":\"ImageObject\",\"inLanguage\":\"en-US\",\"@id\":\"https:\/\/ilmondodiadriano.it\/eng\/#\/schema\/person\/image\/\",\"url\":\"https:\/\/secure.gravatar.com\/avatar\/21349271868ddc52cdfe3be60c0f62e4?s=96&d=mm&r=g\",\"contentUrl\":\"https:\/\/secure.gravatar.com\/avatar\/21349271868ddc52cdfe3be60c0f62e4?s=96&d=mm&r=g\",\"caption\":\"ac\"},\"url\":\"https:\/\/ilmondodiadriano.it\/eng\/author\/ac\/\"}]}<\/script>\n<!-- \/ Yoast SEO plugin. -->","yoast_head_json":{"title":"di Adriano Celentano - Il Mondo di Adriano","robots":{"index":"index","follow":"follow","max-snippet":"max-snippet:-1","max-image-preview":"max-image-preview:large","max-video-preview":"max-video-preview:-1"},"canonical":"https:\/\/ilmondodiadriano.it\/eng\/2014\/04\/18\/di-adriano-celentano\/","og_locale":"en_US","og_type":"article","og_title":"di Adriano Celentano - Il Mondo di Adriano","og_description":"Perch\u00e9 il Papa piace a tutti? E non solo a quelli che conducono una vita dai comportamenti ineccepibili, i quali fanno dell&#8217;onest\u00e0 e la trasparenza la loro principale ragione di vita ma, strano a dirsi, piace anche ai disonesti e persino ai criminali, che senza accorgersi correrebbero il grosso pericolo di essere deviati nella direzione [&hellip;]","og_url":"https:\/\/ilmondodiadriano.it\/eng\/2014\/04\/18\/di-adriano-celentano\/","og_site_name":"Il Mondo di Adriano","article_published_time":"2014-04-18T11:02:10+00:00","article_modified_time":"2016-10-09T18:27:43+00:00","og_image":[{"width":640,"height":471,"url":"https:\/\/ilmondodiadriano.it\/eng\/wp-content\/uploads\/2016\/07\/Adrian-640.jpg","type":"image\/jpeg"}],"author":"ac","twitter_card":"summary_large_image","twitter_misc":{"Written by":"ac","Est. reading time":"11 minutes"},"schema":{"@context":"https:\/\/schema.org","@graph":[{"@type":"Article","@id":"https:\/\/ilmondodiadriano.it\/eng\/2014\/04\/18\/di-adriano-celentano\/#article","isPartOf":{"@id":"https:\/\/ilmondodiadriano.it\/eng\/2014\/04\/18\/di-adriano-celentano\/"},"author":{"name":"ac","@id":"https:\/\/ilmondodiadriano.it\/eng\/#\/schema\/person\/17e1d2baeb91b2eaca79e823e1071a37"},"headline":"di Adriano Celentano","datePublished":"2014-04-18T11:02:10+00:00","dateModified":"2016-10-09T18:27:43+00:00","mainEntityOfPage":{"@id":"https:\/\/ilmondodiadriano.it\/eng\/2014\/04\/18\/di-adriano-celentano\/"},"wordCount":2181,"image":{"@id":"https:\/\/ilmondodiadriano.it\/eng\/2014\/04\/18\/di-adriano-celentano\/#primaryimage"},"thumbnailUrl":"https:\/\/ilmondodiadriano.it\/eng\/wp-content\/uploads\/2016\/07\/Adrian-640.jpg","articleSection":["Articolo"],"inLanguage":"en-US"},{"@type":"WebPage","@id":"https:\/\/ilmondodiadriano.it\/eng\/2014\/04\/18\/di-adriano-celentano\/","url":"https:\/\/ilmondodiadriano.it\/eng\/2014\/04\/18\/di-adriano-celentano\/","name":"di Adriano Celentano - Il Mondo di Adriano","isPartOf":{"@id":"https:\/\/ilmondodiadriano.it\/eng\/#website"},"primaryImageOfPage":{"@id":"https:\/\/ilmondodiadriano.it\/eng\/2014\/04\/18\/di-adriano-celentano\/#primaryimage"},"image":{"@id":"https:\/\/ilmondodiadriano.it\/eng\/2014\/04\/18\/di-adriano-celentano\/#primaryimage"},"thumbnailUrl":"https:\/\/ilmondodiadriano.it\/eng\/wp-content\/uploads\/2016\/07\/Adrian-640.jpg","datePublished":"2014-04-18T11:02:10+00:00","dateModified":"2016-10-09T18:27:43+00:00","author":{"@id":"https:\/\/ilmondodiadriano.it\/eng\/#\/schema\/person\/17e1d2baeb91b2eaca79e823e1071a37"},"breadcrumb":{"@id":"https:\/\/ilmondodiadriano.it\/eng\/2014\/04\/18\/di-adriano-celentano\/#breadcrumb"},"inLanguage":"en-US","potentialAction":[{"@type":"ReadAction","target":["https:\/\/ilmondodiadriano.it\/eng\/2014\/04\/18\/di-adriano-celentano\/"]}]},{"@type":"ImageObject","inLanguage":"en-US","@id":"https:\/\/ilmondodiadriano.it\/eng\/2014\/04\/18\/di-adriano-celentano\/#primaryimage","url":"https:\/\/ilmondodiadriano.it\/eng\/wp-content\/uploads\/2016\/07\/Adrian-640.jpg","contentUrl":"https:\/\/ilmondodiadriano.it\/eng\/wp-content\/uploads\/2016\/07\/Adrian-640.jpg","width":640,"height":471},{"@type":"BreadcrumbList","@id":"https:\/\/ilmondodiadriano.it\/eng\/2014\/04\/18\/di-adriano-celentano\/#breadcrumb","itemListElement":[{"@type":"ListItem","position":1,"name":"Home","item":"https:\/\/ilmondodiadriano.it\/eng\/"},{"@type":"ListItem","position":2,"name":"di Adriano Celentano"}]},{"@type":"WebSite","@id":"https:\/\/ilmondodiadriano.it\/eng\/#website","url":"https:\/\/ilmondodiadriano.it\/eng\/","name":"Il Mondo di Adriano","description":"The official Adriano Celentano website","potentialAction":[{"@type":"SearchAction","target":{"@type":"EntryPoint","urlTemplate":"https:\/\/ilmondodiadriano.it\/eng\/?s={search_term_string}"},"query-input":{"@type":"PropertyValueSpecification","valueRequired":true,"valueName":"search_term_string"}}],"inLanguage":"en-US"},{"@type":"Person","@id":"https:\/\/ilmondodiadriano.it\/eng\/#\/schema\/person\/17e1d2baeb91b2eaca79e823e1071a37","name":"ac","image":{"@type":"ImageObject","inLanguage":"en-US","@id":"https:\/\/ilmondodiadriano.it\/eng\/#\/schema\/person\/image\/","url":"https:\/\/secure.gravatar.com\/avatar\/21349271868ddc52cdfe3be60c0f62e4?s=96&d=mm&r=g","contentUrl":"https:\/\/secure.gravatar.com\/avatar\/21349271868ddc52cdfe3be60c0f62e4?s=96&d=mm&r=g","caption":"ac"},"url":"https:\/\/ilmondodiadriano.it\/eng\/author\/ac\/"}]}},"_links":{"self":[{"href":"https:\/\/ilmondodiadriano.it\/eng\/wp-json\/wp\/v2\/posts\/1798","targetHints":{"allow":["GET"]}}],"collection":[{"href":"https:\/\/ilmondodiadriano.it\/eng\/wp-json\/wp\/v2\/posts"}],"about":[{"href":"https:\/\/ilmondodiadriano.it\/eng\/wp-json\/wp\/v2\/types\/post"}],"author":[{"embeddable":true,"href":"https:\/\/ilmondodiadriano.it\/eng\/wp-json\/wp\/v2\/users\/1"}],"replies":[{"embeddable":true,"href":"https:\/\/ilmondodiadriano.it\/eng\/wp-json\/wp\/v2\/comments?post=1798"}],"version-history":[{"count":2,"href":"https:\/\/ilmondodiadriano.it\/eng\/wp-json\/wp\/v2\/posts\/1798\/revisions"}],"predecessor-version":[{"id":7248,"href":"https:\/\/ilmondodiadriano.it\/eng\/wp-json\/wp\/v2\/posts\/1798\/revisions\/7248"}],"wp:featuredmedia":[{"embeddable":true,"href":"https:\/\/ilmondodiadriano.it\/eng\/wp-json\/wp\/v2\/media\/7990"}],"wp:attachment":[{"href":"https:\/\/ilmondodiadriano.it\/eng\/wp-json\/wp\/v2\/media?parent=1798"}],"wp:term":[{"taxonomy":"category","embeddable":true,"href":"https:\/\/ilmondodiadriano.it\/eng\/wp-json\/wp\/v2\/categories?post=1798"},{"taxonomy":"post_tag","embeddable":true,"href":"https:\/\/ilmondodiadriano.it\/eng\/wp-json\/wp\/v2\/tags?post=1798"}],"curies":[{"name":"wp","href":"https:\/\/api.w.org\/{rel}","templated":true}]}}