{"id":1805,"date":"2014-11-03T12:49:58","date_gmt":"2014-11-03T11:49:58","guid":{"rendered":"https:\/\/ilmondodiadriano.it\/blog\/?p=826"},"modified":"2016-10-09T20:24:10","modified_gmt":"2016-10-09T18:24:10","slug":"per-stefano-cucchi-2","status":"publish","type":"post","link":"https:\/\/ilmondodiadriano.it\/eng\/2014\/11\/03\/per-stefano-cucchi-2\/","title":{"rendered":"Per Stefano Cucchi"},"content":{"rendered":"<p>Ciao Stefano!<\/p>\n<p>Hai capito adesso in che mondo vivevi? Certo dove sei ora \u00e8\u00a0tutta un&#8217;altra cosa. L&#8217;aria che respiri ha finalmente un sapore. Quel sapore di aria pura che non ha niente a che vedere con quella maleodorante che respiravi qui sulla terra. L\u00e0, dove sei adesso, c&#8217;\u00e8 la LUCE, la LUCE vera!!! Che non \u00e8\u00a0quella flebile e malata di quei giudici &#8220;ignavi&#8221; che, come diceva Dante, sono anime senza lode e senza infamia e proprio perch\u00e9 non si schierano n\u00e9 dalla parte del bene e n\u00e9 da quella del male sono i pi\u00f9 pericolosi, e giustamente il Poeta li condanna. Ma adesso dove sei tu \u00e8\u00a0tutto diverso. L\u00e0 si respira l&#8217;AMORE del &#8220;Padre che perdona&#8221; e non di chi ti ha picchiato e massacrato fino a farti morire. Sei finalmente libero di amare e scorrazzare fra le bellezze del Creato, senza pi\u00f9 il timore che qualche guardia carceraria ti rincorra per ucciderti. Perch\u00e9\u00a0dove sei tu non si pu\u00f2 morire. La morte non \u00e8\u00a0che un privilegio dei comuni mortali e quindi proibito a chi non ha la fortuna di nascere. Un privilegio dell&#8217;ANIMA che, se non la uccidiamo del tutto, ci riconduce alla Vita ETERNA.<\/p>\n<p>Adriano Celentano<\/p>\n<p>&nbsp;<\/p>\n","protected":false},"excerpt":{"rendered":"<p>Ciao Stefano! Hai capito adesso in che mondo vivevi? Certo dove sei ora \u00e8\u00a0tutta un&#8217;altra cosa. L&#8217;aria che respiri ha finalmente un sapore. Quel sapore di aria pura che non ha niente a che vedere con quella maleodorante che respiravi qui sulla terra. L\u00e0, dove sei adesso, c&#8217;\u00e8 la LUCE, la LUCE vera!!! Che non [&hellip;]<\/p>\n","protected":false},"author":1,"featured_media":7990,"comment_status":"closed","ping_status":"closed","sticky":false,"template":"","format":"standard","meta":{"footnotes":""},"categories":[1],"tags":[],"class_list":["post-1805","post","type-post","status-publish","format-standard","has-post-thumbnail","hentry","category-l-articolo"],"yoast_head":"<!-- This site is optimized with the Yoast SEO plugin v26.8 - https:\/\/yoast.com\/product\/yoast-seo-wordpress\/ -->\n<title>Per Stefano Cucchi - Il Mondo di Adriano<\/title>\n<meta name=\"robots\" content=\"index, follow, max-snippet:-1, max-image-preview:large, max-video-preview:-1\" \/>\n<link rel=\"canonical\" href=\"https:\/\/ilmondodiadriano.it\/eng\/2014\/11\/03\/per-stefano-cucchi-2\/\" \/>\n<meta property=\"og:locale\" content=\"en_US\" \/>\n<meta property=\"og:type\" content=\"article\" \/>\n<meta property=\"og:title\" content=\"Per Stefano Cucchi - Il Mondo di Adriano\" \/>\n<meta property=\"og:description\" content=\"Ciao Stefano! Hai capito adesso in che mondo vivevi? Certo dove sei ora \u00e8\u00a0tutta un&#8217;altra cosa. L&#8217;aria che respiri ha finalmente un sapore. Quel sapore di aria pura che non ha niente a che vedere con quella maleodorante che respiravi qui sulla terra. L\u00e0, dove sei adesso, c&#8217;\u00e8 la LUCE, la LUCE vera!!! Che non [&hellip;]\" \/>\n<meta property=\"og:url\" content=\"https:\/\/ilmondodiadriano.it\/eng\/2014\/11\/03\/per-stefano-cucchi-2\/\" \/>\n<meta property=\"og:site_name\" content=\"Il Mondo di Adriano\" \/>\n<meta property=\"article:published_time\" content=\"2014-11-03T11:49:58+00:00\" \/>\n<meta property=\"article:modified_time\" content=\"2016-10-09T18:24:10+00:00\" \/>\n<meta property=\"og:image\" content=\"https:\/\/ilmondodiadriano.it\/eng\/wp-content\/uploads\/2016\/07\/Adrian-640.jpg\" \/>\n\t<meta property=\"og:image:width\" content=\"640\" \/>\n\t<meta property=\"og:image:height\" content=\"471\" \/>\n\t<meta property=\"og:image:type\" content=\"image\/jpeg\" \/>\n<meta name=\"author\" content=\"ac\" \/>\n<meta name=\"twitter:card\" content=\"summary_large_image\" \/>\n<meta name=\"twitter:label1\" content=\"Written by\" \/>\n\t<meta name=\"twitter:data1\" content=\"ac\" \/>\n\t<meta name=\"twitter:label2\" content=\"Est. reading time\" \/>\n\t<meta name=\"twitter:data2\" content=\"1 minute\" \/>\n<script type=\"application\/ld+json\" class=\"yoast-schema-graph\">{\"@context\":\"https:\/\/schema.org\",\"@graph\":[{\"@type\":\"Article\",\"@id\":\"https:\/\/ilmondodiadriano.it\/eng\/2014\/11\/03\/per-stefano-cucchi-2\/#article\",\"isPartOf\":{\"@id\":\"https:\/\/ilmondodiadriano.it\/eng\/2014\/11\/03\/per-stefano-cucchi-2\/\"},\"author\":{\"name\":\"ac\",\"@id\":\"https:\/\/ilmondodiadriano.it\/eng\/#\/schema\/person\/17e1d2baeb91b2eaca79e823e1071a37\"},\"headline\":\"Per Stefano Cucchi\",\"datePublished\":\"2014-11-03T11:49:58+00:00\",\"dateModified\":\"2016-10-09T18:24:10+00:00\",\"mainEntityOfPage\":{\"@id\":\"https:\/\/ilmondodiadriano.it\/eng\/2014\/11\/03\/per-stefano-cucchi-2\/\"},\"wordCount\":202,\"image\":{\"@id\":\"https:\/\/ilmondodiadriano.it\/eng\/2014\/11\/03\/per-stefano-cucchi-2\/#primaryimage\"},\"thumbnailUrl\":\"https:\/\/ilmondodiadriano.it\/eng\/wp-content\/uploads\/2016\/07\/Adrian-640.jpg\",\"articleSection\":[\"Articolo\"],\"inLanguage\":\"en-US\"},{\"@type\":\"WebPage\",\"@id\":\"https:\/\/ilmondodiadriano.it\/eng\/2014\/11\/03\/per-stefano-cucchi-2\/\",\"url\":\"https:\/\/ilmondodiadriano.it\/eng\/2014\/11\/03\/per-stefano-cucchi-2\/\",\"name\":\"Per Stefano Cucchi - Il Mondo di Adriano\",\"isPartOf\":{\"@id\":\"https:\/\/ilmondodiadriano.it\/eng\/#website\"},\"primaryImageOfPage\":{\"@id\":\"https:\/\/ilmondodiadriano.it\/eng\/2014\/11\/03\/per-stefano-cucchi-2\/#primaryimage\"},\"image\":{\"@id\":\"https:\/\/ilmondodiadriano.it\/eng\/2014\/11\/03\/per-stefano-cucchi-2\/#primaryimage\"},\"thumbnailUrl\":\"https:\/\/ilmondodiadriano.it\/eng\/wp-content\/uploads\/2016\/07\/Adrian-640.jpg\",\"datePublished\":\"2014-11-03T11:49:58+00:00\",\"dateModified\":\"2016-10-09T18:24:10+00:00\",\"author\":{\"@id\":\"https:\/\/ilmondodiadriano.it\/eng\/#\/schema\/person\/17e1d2baeb91b2eaca79e823e1071a37\"},\"breadcrumb\":{\"@id\":\"https:\/\/ilmondodiadriano.it\/eng\/2014\/11\/03\/per-stefano-cucchi-2\/#breadcrumb\"},\"inLanguage\":\"en-US\",\"potentialAction\":[{\"@type\":\"ReadAction\",\"target\":[\"https:\/\/ilmondodiadriano.it\/eng\/2014\/11\/03\/per-stefano-cucchi-2\/\"]}]},{\"@type\":\"ImageObject\",\"inLanguage\":\"en-US\",\"@id\":\"https:\/\/ilmondodiadriano.it\/eng\/2014\/11\/03\/per-stefano-cucchi-2\/#primaryimage\",\"url\":\"https:\/\/ilmondodiadriano.it\/eng\/wp-content\/uploads\/2016\/07\/Adrian-640.jpg\",\"contentUrl\":\"https:\/\/ilmondodiadriano.it\/eng\/wp-content\/uploads\/2016\/07\/Adrian-640.jpg\",\"width\":640,\"height\":471},{\"@type\":\"BreadcrumbList\",\"@id\":\"https:\/\/ilmondodiadriano.it\/eng\/2014\/11\/03\/per-stefano-cucchi-2\/#breadcrumb\",\"itemListElement\":[{\"@type\":\"ListItem\",\"position\":1,\"name\":\"Home\",\"item\":\"https:\/\/ilmondodiadriano.it\/eng\/\"},{\"@type\":\"ListItem\",\"position\":2,\"name\":\"Per Stefano Cucchi\"}]},{\"@type\":\"WebSite\",\"@id\":\"https:\/\/ilmondodiadriano.it\/eng\/#website\",\"url\":\"https:\/\/ilmondodiadriano.it\/eng\/\",\"name\":\"Il Mondo di Adriano\",\"description\":\"The official Adriano Celentano website\",\"potentialAction\":[{\"@type\":\"SearchAction\",\"target\":{\"@type\":\"EntryPoint\",\"urlTemplate\":\"https:\/\/ilmondodiadriano.it\/eng\/?s={search_term_string}\"},\"query-input\":{\"@type\":\"PropertyValueSpecification\",\"valueRequired\":true,\"valueName\":\"search_term_string\"}}],\"inLanguage\":\"en-US\"},{\"@type\":\"Person\",\"@id\":\"https:\/\/ilmondodiadriano.it\/eng\/#\/schema\/person\/17e1d2baeb91b2eaca79e823e1071a37\",\"name\":\"ac\",\"image\":{\"@type\":\"ImageObject\",\"inLanguage\":\"en-US\",\"@id\":\"https:\/\/ilmondodiadriano.it\/eng\/#\/schema\/person\/image\/\",\"url\":\"https:\/\/secure.gravatar.com\/avatar\/21349271868ddc52cdfe3be60c0f62e4?s=96&d=mm&r=g\",\"contentUrl\":\"https:\/\/secure.gravatar.com\/avatar\/21349271868ddc52cdfe3be60c0f62e4?s=96&d=mm&r=g\",\"caption\":\"ac\"},\"url\":\"https:\/\/ilmondodiadriano.it\/eng\/author\/ac\/\"}]}<\/script>\n<!-- \/ Yoast SEO plugin. -->","yoast_head_json":{"title":"Per Stefano Cucchi - Il Mondo di Adriano","robots":{"index":"index","follow":"follow","max-snippet":"max-snippet:-1","max-image-preview":"max-image-preview:large","max-video-preview":"max-video-preview:-1"},"canonical":"https:\/\/ilmondodiadriano.it\/eng\/2014\/11\/03\/per-stefano-cucchi-2\/","og_locale":"en_US","og_type":"article","og_title":"Per Stefano Cucchi - Il Mondo di Adriano","og_description":"Ciao Stefano! Hai capito adesso in che mondo vivevi? Certo dove sei ora \u00e8\u00a0tutta un&#8217;altra cosa. L&#8217;aria che respiri ha finalmente un sapore. Quel sapore di aria pura che non ha niente a che vedere con quella maleodorante che respiravi qui sulla terra. L\u00e0, dove sei adesso, c&#8217;\u00e8 la LUCE, la LUCE vera!!! Che non [&hellip;]","og_url":"https:\/\/ilmondodiadriano.it\/eng\/2014\/11\/03\/per-stefano-cucchi-2\/","og_site_name":"Il Mondo di Adriano","article_published_time":"2014-11-03T11:49:58+00:00","article_modified_time":"2016-10-09T18:24:10+00:00","og_image":[{"width":640,"height":471,"url":"https:\/\/ilmondodiadriano.it\/eng\/wp-content\/uploads\/2016\/07\/Adrian-640.jpg","type":"image\/jpeg"}],"author":"ac","twitter_card":"summary_large_image","twitter_misc":{"Written by":"ac","Est. reading time":"1 minute"},"schema":{"@context":"https:\/\/schema.org","@graph":[{"@type":"Article","@id":"https:\/\/ilmondodiadriano.it\/eng\/2014\/11\/03\/per-stefano-cucchi-2\/#article","isPartOf":{"@id":"https:\/\/ilmondodiadriano.it\/eng\/2014\/11\/03\/per-stefano-cucchi-2\/"},"author":{"name":"ac","@id":"https:\/\/ilmondodiadriano.it\/eng\/#\/schema\/person\/17e1d2baeb91b2eaca79e823e1071a37"},"headline":"Per Stefano Cucchi","datePublished":"2014-11-03T11:49:58+00:00","dateModified":"2016-10-09T18:24:10+00:00","mainEntityOfPage":{"@id":"https:\/\/ilmondodiadriano.it\/eng\/2014\/11\/03\/per-stefano-cucchi-2\/"},"wordCount":202,"image":{"@id":"https:\/\/ilmondodiadriano.it\/eng\/2014\/11\/03\/per-stefano-cucchi-2\/#primaryimage"},"thumbnailUrl":"https:\/\/ilmondodiadriano.it\/eng\/wp-content\/uploads\/2016\/07\/Adrian-640.jpg","articleSection":["Articolo"],"inLanguage":"en-US"},{"@type":"WebPage","@id":"https:\/\/ilmondodiadriano.it\/eng\/2014\/11\/03\/per-stefano-cucchi-2\/","url":"https:\/\/ilmondodiadriano.it\/eng\/2014\/11\/03\/per-stefano-cucchi-2\/","name":"Per Stefano Cucchi - Il Mondo di Adriano","isPartOf":{"@id":"https:\/\/ilmondodiadriano.it\/eng\/#website"},"primaryImageOfPage":{"@id":"https:\/\/ilmondodiadriano.it\/eng\/2014\/11\/03\/per-stefano-cucchi-2\/#primaryimage"},"image":{"@id":"https:\/\/ilmondodiadriano.it\/eng\/2014\/11\/03\/per-stefano-cucchi-2\/#primaryimage"},"thumbnailUrl":"https:\/\/ilmondodiadriano.it\/eng\/wp-content\/uploads\/2016\/07\/Adrian-640.jpg","datePublished":"2014-11-03T11:49:58+00:00","dateModified":"2016-10-09T18:24:10+00:00","author":{"@id":"https:\/\/ilmondodiadriano.it\/eng\/#\/schema\/person\/17e1d2baeb91b2eaca79e823e1071a37"},"breadcrumb":{"@id":"https:\/\/ilmondodiadriano.it\/eng\/2014\/11\/03\/per-stefano-cucchi-2\/#breadcrumb"},"inLanguage":"en-US","potentialAction":[{"@type":"ReadAction","target":["https:\/\/ilmondodiadriano.it\/eng\/2014\/11\/03\/per-stefano-cucchi-2\/"]}]},{"@type":"ImageObject","inLanguage":"en-US","@id":"https:\/\/ilmondodiadriano.it\/eng\/2014\/11\/03\/per-stefano-cucchi-2\/#primaryimage","url":"https:\/\/ilmondodiadriano.it\/eng\/wp-content\/uploads\/2016\/07\/Adrian-640.jpg","contentUrl":"https:\/\/ilmondodiadriano.it\/eng\/wp-content\/uploads\/2016\/07\/Adrian-640.jpg","width":640,"height":471},{"@type":"BreadcrumbList","@id":"https:\/\/ilmondodiadriano.it\/eng\/2014\/11\/03\/per-stefano-cucchi-2\/#breadcrumb","itemListElement":[{"@type":"ListItem","position":1,"name":"Home","item":"https:\/\/ilmondodiadriano.it\/eng\/"},{"@type":"ListItem","position":2,"name":"Per Stefano Cucchi"}]},{"@type":"WebSite","@id":"https:\/\/ilmondodiadriano.it\/eng\/#website","url":"https:\/\/ilmondodiadriano.it\/eng\/","name":"Il Mondo di Adriano","description":"The official Adriano Celentano website","potentialAction":[{"@type":"SearchAction","target":{"@type":"EntryPoint","urlTemplate":"https:\/\/ilmondodiadriano.it\/eng\/?s={search_term_string}"},"query-input":{"@type":"PropertyValueSpecification","valueRequired":true,"valueName":"search_term_string"}}],"inLanguage":"en-US"},{"@type":"Person","@id":"https:\/\/ilmondodiadriano.it\/eng\/#\/schema\/person\/17e1d2baeb91b2eaca79e823e1071a37","name":"ac","image":{"@type":"ImageObject","inLanguage":"en-US","@id":"https:\/\/ilmondodiadriano.it\/eng\/#\/schema\/person\/image\/","url":"https:\/\/secure.gravatar.com\/avatar\/21349271868ddc52cdfe3be60c0f62e4?s=96&d=mm&r=g","contentUrl":"https:\/\/secure.gravatar.com\/avatar\/21349271868ddc52cdfe3be60c0f62e4?s=96&d=mm&r=g","caption":"ac"},"url":"https:\/\/ilmondodiadriano.it\/eng\/author\/ac\/"}]}},"_links":{"self":[{"href":"https:\/\/ilmondodiadriano.it\/eng\/wp-json\/wp\/v2\/posts\/1805","targetHints":{"allow":["GET"]}}],"collection":[{"href":"https:\/\/ilmondodiadriano.it\/eng\/wp-json\/wp\/v2\/posts"}],"about":[{"href":"https:\/\/ilmondodiadriano.it\/eng\/wp-json\/wp\/v2\/types\/post"}],"author":[{"embeddable":true,"href":"https:\/\/ilmondodiadriano.it\/eng\/wp-json\/wp\/v2\/users\/1"}],"replies":[{"embeddable":true,"href":"https:\/\/ilmondodiadriano.it\/eng\/wp-json\/wp\/v2\/comments?post=1805"}],"version-history":[{"count":4,"href":"https:\/\/ilmondodiadriano.it\/eng\/wp-json\/wp\/v2\/posts\/1805\/revisions"}],"predecessor-version":[{"id":7330,"href":"https:\/\/ilmondodiadriano.it\/eng\/wp-json\/wp\/v2\/posts\/1805\/revisions\/7330"}],"wp:featuredmedia":[{"embeddable":true,"href":"https:\/\/ilmondodiadriano.it\/eng\/wp-json\/wp\/v2\/media\/7990"}],"wp:attachment":[{"href":"https:\/\/ilmondodiadriano.it\/eng\/wp-json\/wp\/v2\/media?parent=1805"}],"wp:term":[{"taxonomy":"category","embeddable":true,"href":"https:\/\/ilmondodiadriano.it\/eng\/wp-json\/wp\/v2\/categories?post=1805"},{"taxonomy":"post_tag","embeddable":true,"href":"https:\/\/ilmondodiadriano.it\/eng\/wp-json\/wp\/v2\/tags?post=1805"}],"curies":[{"name":"wp","href":"https:\/\/api.w.org\/{rel}","templated":true}]}}