{"id":1811,"date":"2013-03-29T14:39:31","date_gmt":"2013-03-29T13:39:31","guid":{"rendered":"https:\/\/ilmondodiadriano.it\/blog\/?p=483"},"modified":"2016-09-22T00:01:42","modified_gmt":"2016-09-21T22:01:42","slug":"caro-adriano-sbagli","status":"publish","type":"post","link":"https:\/\/ilmondodiadriano.it\/eng\/2013\/03\/29\/caro-adriano-sbagli\/","title":{"rendered":"Caro Adriano, sbagli"},"content":{"rendered":"<p><em>di Paolo Flores d&#8217;Arcais<em>, da La Repubblica, 29 marzo 2013<\/em><\/em><\/p>\n<p>Stimato Adriano Celentano, nella lettera di ieri a &#8220;Repubblica&#8221;, lei giudica il mio appello per l&#8217;ineleggibilit\u00e0 di Berlusconi una STRONZATA (tutto in maiuscole). Citando solo me, lei vuole evidentemente adularmi, poich\u00e9 ho avuto l?onore di condividere quell&#8217;appello con Vittorio Cimiotta, Andrea Camilleri, Dario Fo, Margherita Hack, Franca Rame e Barbara Spinelli. E con 243.848 cittadini che lo hanno firmato on line sul sito www.micromega. net. Lei aggiunge che quell&#8217;appello\u00a0\u00e8\u00a0una cazzata (questa volta in minuscole) non soltanto fuori luogo ma decisamente &#8220;fuori TEMPO musicale&#8221;. Infatti aggiunge: &#8220;Se Berlusconi, che tutti davano per finito, compreso me, non avesse preso quei 10 milioni di voti e fosse crollato, mi domando se a Flores d&#8217;Arcais gli sarebbe venuta lo stesso la fulminante idea da\u00a0&#8220;meschina campagna elettorale?&#8221;.<br \/>\nA parte quel &#8220;gli&#8221; di troppo (nel suo linguaggio dovrei definirlo una &#8220;cazzata? grammaticale&#8221;. Preferisco considerarlo una svista da hybris polemica), \u00e8\u00a0evidente che lei l&#8217;appello non lo ha letto, visto che alla terza riga si ricorda come il primo ricorso sull&#8217;ineleggibilit\u00e0 di Berlusconi sia stato presentato nel 1994 (quando l&#8217;alleanza berlusconiana ottenne quasi il doppio dei voti di oggi), e reiterato nel 1996 (quando fu sconfitta dall&#8217;Ulivo). Allora ero l&#8217;ultima ruota del carro, firmai infatti in compagnia di Antonio Giolitti, Alessandro Galante Garrone, Paolo Sylos Labini, Vito Laterza, Aldo Visalberghi, tutti notori frequentatori di quello che lei aulicamente definisce il &#8220;viale delle STRONZATE&#8221;.<\/p>\n<p>Ho sostenuto l&#8217;ineleggibilit\u00e0 di Berlusconi quando era in maggioranza e quando era in minoranza, quando era forte e quando sembrava debole, lungo tutti questi anni bui di regime e di inciucio. E mi sarei comportato nello stesso modo, ovviamente, anche se Berlusconi fosse stato rieletto per il rotto della cuffia e con un pugno di voti. Lei ritiene invece che &#8220;con un Berlusconi finito sarebbe stato giusto, poich\u00e9 si invocava una legge che da quel momento in poi era per tutti e non solo per sbarazzarsi del vincitore. Ma adesso no d?Arcais. Adesso \u00e8\u00a0solo una scorrettezza elettorale&#8221;. Io invece non credo che sia moralmente e politicamente accettabile che l&#8217;applicazione di una legge venga invocata a tassametro, secondo l&#8217;opportunit\u00e0 politica e i rapporti di forza (e trascuro il fatto che chiedere l&#8217;ineleggibilit\u00e0 solo se un politico \u00e8\u00a0&#8220;finito&#8221; suona un po&#8217; alla Maramaldo, cosa che certo non era nelle sue intenzioni).<\/p>\n<p>La legge 361 del 1957 andava applicata nel 1994, e nel 1996 e ad ogni inizio di legislatura, e se \u00e8\u00a0stata aggirata pi\u00f9 volte dall&#8217;inciucio di Berlusconi e D&#8217;Alema, con interpretazioni che avrebbero stupito perfino Azzeccagarbugli, non \u00e8\u00a0una buona ragione per calpestarla una volta di pi\u00f9. Sono stato perci\u00f2 felice, come cittadino democratico, di constatare come il M5S abbia deciso di chiedere alla prossima &#8220;Giunta delle elezioni&#8221; del Senato che la legge sia finalmente applicata e Berlusconi dichiarato ineleggibile, e che la stessa cosa abbia dichiarato il senatore Luigi Zanda, successivamente eletto capogruppo del Pd. Forse \u00e8\u00a0la volta buona perch\u00e9 la legge sia &#8220;eguale per tutti&#8221;. Lei invece ritiene che in nome di &#8220;quell&#8217;Amore universale di cui parla il Papa&#8221; tale principio non si debba applicare a chi ottenga 10 milioni di voti. Insomma, \u00e8\u00a0la forza che fa il diritto. Prosit.<\/p>\n","protected":false},"excerpt":{"rendered":"<p>di Paolo Flores d&#8217;Arcais, da La Repubblica, 29 marzo 2013 Stimato Adriano Celentano, nella lettera di ieri a &#8220;Repubblica&#8221;, lei giudica il mio appello per l&#8217;ineleggibilit\u00e0 di Berlusconi una STRONZATA (tutto in maiuscole). Citando solo me, lei vuole evidentemente adularmi, poich\u00e9 ho avuto l?onore di condividere quell&#8217;appello con Vittorio Cimiotta, Andrea Camilleri, Dario Fo, Margherita [&hellip;]<\/p>\n","protected":false},"author":1,"featured_media":7351,"comment_status":"closed","ping_status":"closed","sticky":false,"template":"","format":"standard","meta":{"footnotes":""},"categories":[1],"tags":[],"class_list":["post-1811","post","type-post","status-publish","format-standard","has-post-thumbnail","hentry","category-l-articolo"],"yoast_head":"<!-- This site is optimized with the Yoast SEO plugin v26.8 - https:\/\/yoast.com\/product\/yoast-seo-wordpress\/ -->\n<title>Caro Adriano, sbagli - Il Mondo di Adriano<\/title>\n<meta name=\"robots\" content=\"index, follow, max-snippet:-1, max-image-preview:large, max-video-preview:-1\" \/>\n<link rel=\"canonical\" href=\"https:\/\/ilmondodiadriano.it\/eng\/2013\/03\/29\/caro-adriano-sbagli\/\" \/>\n<meta property=\"og:locale\" content=\"en_US\" \/>\n<meta property=\"og:type\" content=\"article\" \/>\n<meta property=\"og:title\" content=\"Caro Adriano, sbagli - Il Mondo di Adriano\" \/>\n<meta property=\"og:description\" content=\"di Paolo Flores d&#8217;Arcais, da La Repubblica, 29 marzo 2013 Stimato Adriano Celentano, nella lettera di ieri a &#8220;Repubblica&#8221;, lei giudica il mio appello per l&#8217;ineleggibilit\u00e0 di Berlusconi una STRONZATA (tutto in maiuscole). Citando solo me, lei vuole evidentemente adularmi, poich\u00e9 ho avuto l?onore di condividere quell&#8217;appello con Vittorio Cimiotta, Andrea Camilleri, Dario Fo, Margherita [&hellip;]\" \/>\n<meta property=\"og:url\" content=\"https:\/\/ilmondodiadriano.it\/eng\/2013\/03\/29\/caro-adriano-sbagli\/\" \/>\n<meta property=\"og:site_name\" content=\"Il Mondo di Adriano\" \/>\n<meta property=\"article:published_time\" content=\"2013-03-29T13:39:31+00:00\" \/>\n<meta property=\"article:modified_time\" content=\"2016-09-21T22:01:42+00:00\" \/>\n<meta property=\"og:image\" content=\"https:\/\/ilmondodiadriano.it\/eng\/wp-content\/uploads\/2013\/03\/Backlit_keyboard.jpg\" \/>\n\t<meta property=\"og:image:width\" content=\"800\" \/>\n\t<meta property=\"og:image:height\" content=\"450\" \/>\n\t<meta property=\"og:image:type\" content=\"image\/jpeg\" \/>\n<meta name=\"author\" content=\"ac\" \/>\n<meta name=\"twitter:card\" content=\"summary_large_image\" \/>\n<meta name=\"twitter:label1\" content=\"Written by\" \/>\n\t<meta name=\"twitter:data1\" content=\"ac\" \/>\n\t<meta name=\"twitter:label2\" content=\"Est. reading time\" \/>\n\t<meta name=\"twitter:data2\" content=\"3 minutes\" \/>\n<script type=\"application\/ld+json\" class=\"yoast-schema-graph\">{\"@context\":\"https:\/\/schema.org\",\"@graph\":[{\"@type\":\"Article\",\"@id\":\"https:\/\/ilmondodiadriano.it\/eng\/2013\/03\/29\/caro-adriano-sbagli\/#article\",\"isPartOf\":{\"@id\":\"https:\/\/ilmondodiadriano.it\/eng\/2013\/03\/29\/caro-adriano-sbagli\/\"},\"author\":{\"name\":\"ac\",\"@id\":\"https:\/\/ilmondodiadriano.it\/eng\/#\/schema\/person\/17e1d2baeb91b2eaca79e823e1071a37\"},\"headline\":\"Caro Adriano, sbagli\",\"datePublished\":\"2013-03-29T13:39:31+00:00\",\"dateModified\":\"2016-09-21T22:01:42+00:00\",\"mainEntityOfPage\":{\"@id\":\"https:\/\/ilmondodiadriano.it\/eng\/2013\/03\/29\/caro-adriano-sbagli\/\"},\"wordCount\":523,\"image\":{\"@id\":\"https:\/\/ilmondodiadriano.it\/eng\/2013\/03\/29\/caro-adriano-sbagli\/#primaryimage\"},\"thumbnailUrl\":\"https:\/\/ilmondodiadriano.it\/eng\/wp-content\/uploads\/2013\/03\/Backlit_keyboard.jpg\",\"articleSection\":[\"Articolo\"],\"inLanguage\":\"en-US\"},{\"@type\":\"WebPage\",\"@id\":\"https:\/\/ilmondodiadriano.it\/eng\/2013\/03\/29\/caro-adriano-sbagli\/\",\"url\":\"https:\/\/ilmondodiadriano.it\/eng\/2013\/03\/29\/caro-adriano-sbagli\/\",\"name\":\"Caro Adriano, sbagli - Il Mondo di Adriano\",\"isPartOf\":{\"@id\":\"https:\/\/ilmondodiadriano.it\/eng\/#website\"},\"primaryImageOfPage\":{\"@id\":\"https:\/\/ilmondodiadriano.it\/eng\/2013\/03\/29\/caro-adriano-sbagli\/#primaryimage\"},\"image\":{\"@id\":\"https:\/\/ilmondodiadriano.it\/eng\/2013\/03\/29\/caro-adriano-sbagli\/#primaryimage\"},\"thumbnailUrl\":\"https:\/\/ilmondodiadriano.it\/eng\/wp-content\/uploads\/2013\/03\/Backlit_keyboard.jpg\",\"datePublished\":\"2013-03-29T13:39:31+00:00\",\"dateModified\":\"2016-09-21T22:01:42+00:00\",\"author\":{\"@id\":\"https:\/\/ilmondodiadriano.it\/eng\/#\/schema\/person\/17e1d2baeb91b2eaca79e823e1071a37\"},\"breadcrumb\":{\"@id\":\"https:\/\/ilmondodiadriano.it\/eng\/2013\/03\/29\/caro-adriano-sbagli\/#breadcrumb\"},\"inLanguage\":\"en-US\",\"potentialAction\":[{\"@type\":\"ReadAction\",\"target\":[\"https:\/\/ilmondodiadriano.it\/eng\/2013\/03\/29\/caro-adriano-sbagli\/\"]}]},{\"@type\":\"ImageObject\",\"inLanguage\":\"en-US\",\"@id\":\"https:\/\/ilmondodiadriano.it\/eng\/2013\/03\/29\/caro-adriano-sbagli\/#primaryimage\",\"url\":\"https:\/\/ilmondodiadriano.it\/eng\/wp-content\/uploads\/2013\/03\/Backlit_keyboard.jpg\",\"contentUrl\":\"https:\/\/ilmondodiadriano.it\/eng\/wp-content\/uploads\/2013\/03\/Backlit_keyboard.jpg\",\"width\":800,\"height\":450},{\"@type\":\"BreadcrumbList\",\"@id\":\"https:\/\/ilmondodiadriano.it\/eng\/2013\/03\/29\/caro-adriano-sbagli\/#breadcrumb\",\"itemListElement\":[{\"@type\":\"ListItem\",\"position\":1,\"name\":\"Home\",\"item\":\"https:\/\/ilmondodiadriano.it\/eng\/\"},{\"@type\":\"ListItem\",\"position\":2,\"name\":\"Caro Adriano, sbagli\"}]},{\"@type\":\"WebSite\",\"@id\":\"https:\/\/ilmondodiadriano.it\/eng\/#website\",\"url\":\"https:\/\/ilmondodiadriano.it\/eng\/\",\"name\":\"Il Mondo di Adriano\",\"description\":\"The official Adriano Celentano website\",\"potentialAction\":[{\"@type\":\"SearchAction\",\"target\":{\"@type\":\"EntryPoint\",\"urlTemplate\":\"https:\/\/ilmondodiadriano.it\/eng\/?s={search_term_string}\"},\"query-input\":{\"@type\":\"PropertyValueSpecification\",\"valueRequired\":true,\"valueName\":\"search_term_string\"}}],\"inLanguage\":\"en-US\"},{\"@type\":\"Person\",\"@id\":\"https:\/\/ilmondodiadriano.it\/eng\/#\/schema\/person\/17e1d2baeb91b2eaca79e823e1071a37\",\"name\":\"ac\",\"image\":{\"@type\":\"ImageObject\",\"inLanguage\":\"en-US\",\"@id\":\"https:\/\/ilmondodiadriano.it\/eng\/#\/schema\/person\/image\/\",\"url\":\"https:\/\/secure.gravatar.com\/avatar\/21349271868ddc52cdfe3be60c0f62e4?s=96&d=mm&r=g\",\"contentUrl\":\"https:\/\/secure.gravatar.com\/avatar\/21349271868ddc52cdfe3be60c0f62e4?s=96&d=mm&r=g\",\"caption\":\"ac\"},\"url\":\"https:\/\/ilmondodiadriano.it\/eng\/author\/ac\/\"}]}<\/script>\n<!-- \/ Yoast SEO plugin. -->","yoast_head_json":{"title":"Caro Adriano, sbagli - Il Mondo di Adriano","robots":{"index":"index","follow":"follow","max-snippet":"max-snippet:-1","max-image-preview":"max-image-preview:large","max-video-preview":"max-video-preview:-1"},"canonical":"https:\/\/ilmondodiadriano.it\/eng\/2013\/03\/29\/caro-adriano-sbagli\/","og_locale":"en_US","og_type":"article","og_title":"Caro Adriano, sbagli - Il Mondo di Adriano","og_description":"di Paolo Flores d&#8217;Arcais, da La Repubblica, 29 marzo 2013 Stimato Adriano Celentano, nella lettera di ieri a &#8220;Repubblica&#8221;, lei giudica il mio appello per l&#8217;ineleggibilit\u00e0 di Berlusconi una STRONZATA (tutto in maiuscole). Citando solo me, lei vuole evidentemente adularmi, poich\u00e9 ho avuto l?onore di condividere quell&#8217;appello con Vittorio Cimiotta, Andrea Camilleri, Dario Fo, Margherita [&hellip;]","og_url":"https:\/\/ilmondodiadriano.it\/eng\/2013\/03\/29\/caro-adriano-sbagli\/","og_site_name":"Il Mondo di Adriano","article_published_time":"2013-03-29T13:39:31+00:00","article_modified_time":"2016-09-21T22:01:42+00:00","og_image":[{"width":800,"height":450,"url":"https:\/\/ilmondodiadriano.it\/eng\/wp-content\/uploads\/2013\/03\/Backlit_keyboard.jpg","type":"image\/jpeg"}],"author":"ac","twitter_card":"summary_large_image","twitter_misc":{"Written by":"ac","Est. reading time":"3 minutes"},"schema":{"@context":"https:\/\/schema.org","@graph":[{"@type":"Article","@id":"https:\/\/ilmondodiadriano.it\/eng\/2013\/03\/29\/caro-adriano-sbagli\/#article","isPartOf":{"@id":"https:\/\/ilmondodiadriano.it\/eng\/2013\/03\/29\/caro-adriano-sbagli\/"},"author":{"name":"ac","@id":"https:\/\/ilmondodiadriano.it\/eng\/#\/schema\/person\/17e1d2baeb91b2eaca79e823e1071a37"},"headline":"Caro Adriano, sbagli","datePublished":"2013-03-29T13:39:31+00:00","dateModified":"2016-09-21T22:01:42+00:00","mainEntityOfPage":{"@id":"https:\/\/ilmondodiadriano.it\/eng\/2013\/03\/29\/caro-adriano-sbagli\/"},"wordCount":523,"image":{"@id":"https:\/\/ilmondodiadriano.it\/eng\/2013\/03\/29\/caro-adriano-sbagli\/#primaryimage"},"thumbnailUrl":"https:\/\/ilmondodiadriano.it\/eng\/wp-content\/uploads\/2013\/03\/Backlit_keyboard.jpg","articleSection":["Articolo"],"inLanguage":"en-US"},{"@type":"WebPage","@id":"https:\/\/ilmondodiadriano.it\/eng\/2013\/03\/29\/caro-adriano-sbagli\/","url":"https:\/\/ilmondodiadriano.it\/eng\/2013\/03\/29\/caro-adriano-sbagli\/","name":"Caro Adriano, sbagli - Il Mondo di Adriano","isPartOf":{"@id":"https:\/\/ilmondodiadriano.it\/eng\/#website"},"primaryImageOfPage":{"@id":"https:\/\/ilmondodiadriano.it\/eng\/2013\/03\/29\/caro-adriano-sbagli\/#primaryimage"},"image":{"@id":"https:\/\/ilmondodiadriano.it\/eng\/2013\/03\/29\/caro-adriano-sbagli\/#primaryimage"},"thumbnailUrl":"https:\/\/ilmondodiadriano.it\/eng\/wp-content\/uploads\/2013\/03\/Backlit_keyboard.jpg","datePublished":"2013-03-29T13:39:31+00:00","dateModified":"2016-09-21T22:01:42+00:00","author":{"@id":"https:\/\/ilmondodiadriano.it\/eng\/#\/schema\/person\/17e1d2baeb91b2eaca79e823e1071a37"},"breadcrumb":{"@id":"https:\/\/ilmondodiadriano.it\/eng\/2013\/03\/29\/caro-adriano-sbagli\/#breadcrumb"},"inLanguage":"en-US","potentialAction":[{"@type":"ReadAction","target":["https:\/\/ilmondodiadriano.it\/eng\/2013\/03\/29\/caro-adriano-sbagli\/"]}]},{"@type":"ImageObject","inLanguage":"en-US","@id":"https:\/\/ilmondodiadriano.it\/eng\/2013\/03\/29\/caro-adriano-sbagli\/#primaryimage","url":"https:\/\/ilmondodiadriano.it\/eng\/wp-content\/uploads\/2013\/03\/Backlit_keyboard.jpg","contentUrl":"https:\/\/ilmondodiadriano.it\/eng\/wp-content\/uploads\/2013\/03\/Backlit_keyboard.jpg","width":800,"height":450},{"@type":"BreadcrumbList","@id":"https:\/\/ilmondodiadriano.it\/eng\/2013\/03\/29\/caro-adriano-sbagli\/#breadcrumb","itemListElement":[{"@type":"ListItem","position":1,"name":"Home","item":"https:\/\/ilmondodiadriano.it\/eng\/"},{"@type":"ListItem","position":2,"name":"Caro Adriano, sbagli"}]},{"@type":"WebSite","@id":"https:\/\/ilmondodiadriano.it\/eng\/#website","url":"https:\/\/ilmondodiadriano.it\/eng\/","name":"Il Mondo di Adriano","description":"The official Adriano Celentano website","potentialAction":[{"@type":"SearchAction","target":{"@type":"EntryPoint","urlTemplate":"https:\/\/ilmondodiadriano.it\/eng\/?s={search_term_string}"},"query-input":{"@type":"PropertyValueSpecification","valueRequired":true,"valueName":"search_term_string"}}],"inLanguage":"en-US"},{"@type":"Person","@id":"https:\/\/ilmondodiadriano.it\/eng\/#\/schema\/person\/17e1d2baeb91b2eaca79e823e1071a37","name":"ac","image":{"@type":"ImageObject","inLanguage":"en-US","@id":"https:\/\/ilmondodiadriano.it\/eng\/#\/schema\/person\/image\/","url":"https:\/\/secure.gravatar.com\/avatar\/21349271868ddc52cdfe3be60c0f62e4?s=96&d=mm&r=g","contentUrl":"https:\/\/secure.gravatar.com\/avatar\/21349271868ddc52cdfe3be60c0f62e4?s=96&d=mm&r=g","caption":"ac"},"url":"https:\/\/ilmondodiadriano.it\/eng\/author\/ac\/"}]}},"_links":{"self":[{"href":"https:\/\/ilmondodiadriano.it\/eng\/wp-json\/wp\/v2\/posts\/1811","targetHints":{"allow":["GET"]}}],"collection":[{"href":"https:\/\/ilmondodiadriano.it\/eng\/wp-json\/wp\/v2\/posts"}],"about":[{"href":"https:\/\/ilmondodiadriano.it\/eng\/wp-json\/wp\/v2\/types\/post"}],"author":[{"embeddable":true,"href":"https:\/\/ilmondodiadriano.it\/eng\/wp-json\/wp\/v2\/users\/1"}],"replies":[{"embeddable":true,"href":"https:\/\/ilmondodiadriano.it\/eng\/wp-json\/wp\/v2\/comments?post=1811"}],"version-history":[{"count":3,"href":"https:\/\/ilmondodiadriano.it\/eng\/wp-json\/wp\/v2\/posts\/1811\/revisions"}],"predecessor-version":[{"id":7352,"href":"https:\/\/ilmondodiadriano.it\/eng\/wp-json\/wp\/v2\/posts\/1811\/revisions\/7352"}],"wp:featuredmedia":[{"embeddable":true,"href":"https:\/\/ilmondodiadriano.it\/eng\/wp-json\/wp\/v2\/media\/7351"}],"wp:attachment":[{"href":"https:\/\/ilmondodiadriano.it\/eng\/wp-json\/wp\/v2\/media?parent=1811"}],"wp:term":[{"taxonomy":"category","embeddable":true,"href":"https:\/\/ilmondodiadriano.it\/eng\/wp-json\/wp\/v2\/categories?post=1811"},{"taxonomy":"post_tag","embeddable":true,"href":"https:\/\/ilmondodiadriano.it\/eng\/wp-json\/wp\/v2\/tags?post=1811"}],"curies":[{"name":"wp","href":"https:\/\/api.w.org\/{rel}","templated":true}]}}