{"id":1813,"date":"2013-04-01T12:50:12","date_gmt":"2013-04-01T10:50:12","guid":{"rendered":"https:\/\/ilmondodiadriano.it\/blog\/?p=504"},"modified":"2016-09-21T23:38:22","modified_gmt":"2016-09-21T21:38:22","slug":"ciao-enzo","status":"publish","type":"post","link":"https:\/\/ilmondodiadriano.it\/eng\/2013\/04\/01\/ciao-enzo\/","title":{"rendered":"CIAO, ENZO!"},"content":{"rendered":"<p>Era il 1956 quando nelle balere della vecchia Milano si aggirava uno strano tipo, morto di sonno a causa di un secondo lavoro, intrapreso quasi a sua insaputa, che gli permetteva di dormire non pi\u00f9 di tre o quattro ore per notte. Un lavoro mai remunerato se non con un semplice panino e una birra: di notte si dimenava nei locali notturni mentre di giorno, quasi russando, aggiustava gli orologi.<br \/>\nL&#8217;appuntamento era in via Anfossi, a Milano, nei paraggi di Porta Vittoria. Una sala prove dove Enzo Jannacci, Giorgio Gaber ed io ci incontravamo per confrontarci sul grande repertorio di Bill Haley. Con noi c&#8217;erano i fratelli Ratti, chitarra, basso, batteria, e Pino Sacchetti al sax. Eravamo il primo gruppo rock italiano, per non dire europeo dato che non ce n&#8217;erano in Francia, in Germania, Belgio, Olanda, Spagna, ma solo in Inghilterra cominciavano a nascere dei gruppi musicali, fra i quali quello di Cliff Richard, da tanti considerato come un probabile antagonista di Elvis Presley, e quello di un certo Tommy Steele.<br \/>\nMa noi eravamo noi. Convinti che il rock non fosse soltanto fare musica ma soprattutto essere rock dentro, ribelli nell&#8217;anima. Non si pu\u00f2 immaginare a quali livelli di divertimento e scatenamento ci portava il suonare quei brani cos\u00ec rumorosamente allegri. Era tale la spaccatura fra i Rock boys (cos\u00ec ci chiamavamo) e la vecchia guardia di Claudio Villa, Luciano Tajoli, Nilla Pizzi e altri, che ci eravamo soprannominati &#8220;la TEMPESTA&#8221; e, la &#8220;grandinata&#8221; pi\u00f9 dirompente era proprio Enzo Jannacci. Ricordo che ad ogni inizio di un brano partivamo quasi da fermi, come statue, ma nel &#8220;solo d&#8217;orchestra&#8221; succedeva di tutto. Pi\u00f9 di una volta, rapiti dal ritmo, mi trovavo sdraiato per terra con la chitarra sotto le gambe di Enzo Jannacci che ad un determinato stop abbandonava il piano e, abbracciando la sua di chitarra, era in piedi sopra di me, mentre Gaber e Ratti, presi anch&#8217;essi dal delirio, si inginocchiavano affiancandoci. Ma a Enzo non bastava: come un folletto impazzito ritornava al pianoforte e si esibiva in uno dei suoi strepitosi assoli, spesso pi\u00f9 jazz che rock. &#8220;Lo sai &#8211; mi disse un giorno &#8211; quando ho spiegato ai miei colleghi che anche il rock mi piace, si sono scandalizzati&#8221;. Nei primi tempi infatti era quasi una moda il voler prendere le distanze da questa nuova ondata musicale da parte di alcuni jazzisti, ma Enzo no. Lui era veramente una forza della natura. Sia che suonasse jazz o &#8220;Rosamunda&#8221; ci metteva lo stesso entusiasmo. Perch\u00e9\u00a0lui era davvero amante della vita in tutte le sue manifestazioni, nonostante facesse fatica a credere che questa di vita, un giorno potesse continuare.<br \/>\nGi\u00e0 mi sembra di vederlo, seduto su uno dei tanti rami di quella vita che non pu\u00f2 finire. Bello, giovane come non lo \u00e8\u00a0mai stato, e farsi due risate, mentre qui da basso noi lo piangiamo come se non dovessimo pi\u00f9 incontrarlo.<\/p>\n<p>Tuo amico<br \/>\nAdriano<\/p>\n","protected":false},"excerpt":{"rendered":"<p>Era il 1956 quando nelle balere della vecchia Milano si aggirava uno strano tipo, morto di sonno a causa di un secondo lavoro, intrapreso quasi a sua insaputa, che gli permetteva di dormire non pi\u00f9 di tre o quattro ore per notte. Un lavoro mai remunerato se non con un semplice panino e una birra: [&hellip;]<\/p>\n","protected":false},"author":1,"featured_media":7345,"comment_status":"closed","ping_status":"closed","sticky":false,"template":"","format":"standard","meta":{"footnotes":""},"categories":[1],"tags":[],"class_list":["post-1813","post","type-post","status-publish","format-standard","has-post-thumbnail","hentry","category-l-articolo"],"yoast_head":"<!-- This site is optimized with the Yoast SEO plugin v26.8 - https:\/\/yoast.com\/product\/yoast-seo-wordpress\/ -->\n<title>CIAO, ENZO! - Il Mondo di Adriano<\/title>\n<meta name=\"robots\" content=\"index, follow, max-snippet:-1, max-image-preview:large, max-video-preview:-1\" \/>\n<link rel=\"canonical\" href=\"https:\/\/ilmondodiadriano.it\/eng\/2013\/04\/01\/ciao-enzo\/\" \/>\n<meta property=\"og:locale\" content=\"en_US\" \/>\n<meta property=\"og:type\" content=\"article\" \/>\n<meta property=\"og:title\" content=\"CIAO, ENZO! - Il Mondo di Adriano\" \/>\n<meta property=\"og:description\" content=\"Era il 1956 quando nelle balere della vecchia Milano si aggirava uno strano tipo, morto di sonno a causa di un secondo lavoro, intrapreso quasi a sua insaputa, che gli permetteva di dormire non pi\u00f9 di tre o quattro ore per notte. Un lavoro mai remunerato se non con un semplice panino e una birra: [&hellip;]\" \/>\n<meta property=\"og:url\" content=\"https:\/\/ilmondodiadriano.it\/eng\/2013\/04\/01\/ciao-enzo\/\" \/>\n<meta property=\"og:site_name\" content=\"Il Mondo di Adriano\" \/>\n<meta property=\"article:published_time\" content=\"2013-04-01T10:50:12+00:00\" \/>\n<meta property=\"article:modified_time\" content=\"2016-09-21T21:38:22+00:00\" \/>\n<meta property=\"og:image\" content=\"https:\/\/ilmondodiadriano.it\/eng\/wp-content\/uploads\/2013\/04\/jannacci.jpg\" \/>\n\t<meta property=\"og:image:width\" content=\"800\" \/>\n\t<meta property=\"og:image:height\" content=\"508\" \/>\n\t<meta property=\"og:image:type\" content=\"image\/jpeg\" \/>\n<meta name=\"author\" content=\"ac\" \/>\n<meta name=\"twitter:card\" content=\"summary_large_image\" \/>\n<meta name=\"twitter:label1\" content=\"Written by\" \/>\n\t<meta name=\"twitter:data1\" content=\"ac\" \/>\n\t<meta name=\"twitter:label2\" content=\"Est. reading time\" \/>\n\t<meta name=\"twitter:data2\" content=\"2 minutes\" \/>\n<script type=\"application\/ld+json\" class=\"yoast-schema-graph\">{\"@context\":\"https:\/\/schema.org\",\"@graph\":[{\"@type\":\"Article\",\"@id\":\"https:\/\/ilmondodiadriano.it\/eng\/2013\/04\/01\/ciao-enzo\/#article\",\"isPartOf\":{\"@id\":\"https:\/\/ilmondodiadriano.it\/eng\/2013\/04\/01\/ciao-enzo\/\"},\"author\":{\"name\":\"ac\",\"@id\":\"https:\/\/ilmondodiadriano.it\/eng\/#\/schema\/person\/17e1d2baeb91b2eaca79e823e1071a37\"},\"headline\":\"CIAO, ENZO!\",\"datePublished\":\"2013-04-01T10:50:12+00:00\",\"dateModified\":\"2016-09-21T21:38:22+00:00\",\"mainEntityOfPage\":{\"@id\":\"https:\/\/ilmondodiadriano.it\/eng\/2013\/04\/01\/ciao-enzo\/\"},\"wordCount\":488,\"image\":{\"@id\":\"https:\/\/ilmondodiadriano.it\/eng\/2013\/04\/01\/ciao-enzo\/#primaryimage\"},\"thumbnailUrl\":\"https:\/\/ilmondodiadriano.it\/eng\/wp-content\/uploads\/2013\/04\/jannacci.jpg\",\"articleSection\":[\"Articolo\"],\"inLanguage\":\"en-US\"},{\"@type\":\"WebPage\",\"@id\":\"https:\/\/ilmondodiadriano.it\/eng\/2013\/04\/01\/ciao-enzo\/\",\"url\":\"https:\/\/ilmondodiadriano.it\/eng\/2013\/04\/01\/ciao-enzo\/\",\"name\":\"CIAO, ENZO! - Il Mondo di Adriano\",\"isPartOf\":{\"@id\":\"https:\/\/ilmondodiadriano.it\/eng\/#website\"},\"primaryImageOfPage\":{\"@id\":\"https:\/\/ilmondodiadriano.it\/eng\/2013\/04\/01\/ciao-enzo\/#primaryimage\"},\"image\":{\"@id\":\"https:\/\/ilmondodiadriano.it\/eng\/2013\/04\/01\/ciao-enzo\/#primaryimage\"},\"thumbnailUrl\":\"https:\/\/ilmondodiadriano.it\/eng\/wp-content\/uploads\/2013\/04\/jannacci.jpg\",\"datePublished\":\"2013-04-01T10:50:12+00:00\",\"dateModified\":\"2016-09-21T21:38:22+00:00\",\"author\":{\"@id\":\"https:\/\/ilmondodiadriano.it\/eng\/#\/schema\/person\/17e1d2baeb91b2eaca79e823e1071a37\"},\"breadcrumb\":{\"@id\":\"https:\/\/ilmondodiadriano.it\/eng\/2013\/04\/01\/ciao-enzo\/#breadcrumb\"},\"inLanguage\":\"en-US\",\"potentialAction\":[{\"@type\":\"ReadAction\",\"target\":[\"https:\/\/ilmondodiadriano.it\/eng\/2013\/04\/01\/ciao-enzo\/\"]}]},{\"@type\":\"ImageObject\",\"inLanguage\":\"en-US\",\"@id\":\"https:\/\/ilmondodiadriano.it\/eng\/2013\/04\/01\/ciao-enzo\/#primaryimage\",\"url\":\"https:\/\/ilmondodiadriano.it\/eng\/wp-content\/uploads\/2013\/04\/jannacci.jpg\",\"contentUrl\":\"https:\/\/ilmondodiadriano.it\/eng\/wp-content\/uploads\/2013\/04\/jannacci.jpg\",\"width\":800,\"height\":508},{\"@type\":\"BreadcrumbList\",\"@id\":\"https:\/\/ilmondodiadriano.it\/eng\/2013\/04\/01\/ciao-enzo\/#breadcrumb\",\"itemListElement\":[{\"@type\":\"ListItem\",\"position\":1,\"name\":\"Home\",\"item\":\"https:\/\/ilmondodiadriano.it\/eng\/\"},{\"@type\":\"ListItem\",\"position\":2,\"name\":\"CIAO, ENZO!\"}]},{\"@type\":\"WebSite\",\"@id\":\"https:\/\/ilmondodiadriano.it\/eng\/#website\",\"url\":\"https:\/\/ilmondodiadriano.it\/eng\/\",\"name\":\"Il Mondo di Adriano\",\"description\":\"The official Adriano Celentano website\",\"potentialAction\":[{\"@type\":\"SearchAction\",\"target\":{\"@type\":\"EntryPoint\",\"urlTemplate\":\"https:\/\/ilmondodiadriano.it\/eng\/?s={search_term_string}\"},\"query-input\":{\"@type\":\"PropertyValueSpecification\",\"valueRequired\":true,\"valueName\":\"search_term_string\"}}],\"inLanguage\":\"en-US\"},{\"@type\":\"Person\",\"@id\":\"https:\/\/ilmondodiadriano.it\/eng\/#\/schema\/person\/17e1d2baeb91b2eaca79e823e1071a37\",\"name\":\"ac\",\"image\":{\"@type\":\"ImageObject\",\"inLanguage\":\"en-US\",\"@id\":\"https:\/\/ilmondodiadriano.it\/eng\/#\/schema\/person\/image\/\",\"url\":\"https:\/\/secure.gravatar.com\/avatar\/21349271868ddc52cdfe3be60c0f62e4?s=96&d=mm&r=g\",\"contentUrl\":\"https:\/\/secure.gravatar.com\/avatar\/21349271868ddc52cdfe3be60c0f62e4?s=96&d=mm&r=g\",\"caption\":\"ac\"},\"url\":\"https:\/\/ilmondodiadriano.it\/eng\/author\/ac\/\"}]}<\/script>\n<!-- \/ Yoast SEO plugin. -->","yoast_head_json":{"title":"CIAO, ENZO! - Il Mondo di Adriano","robots":{"index":"index","follow":"follow","max-snippet":"max-snippet:-1","max-image-preview":"max-image-preview:large","max-video-preview":"max-video-preview:-1"},"canonical":"https:\/\/ilmondodiadriano.it\/eng\/2013\/04\/01\/ciao-enzo\/","og_locale":"en_US","og_type":"article","og_title":"CIAO, ENZO! - Il Mondo di Adriano","og_description":"Era il 1956 quando nelle balere della vecchia Milano si aggirava uno strano tipo, morto di sonno a causa di un secondo lavoro, intrapreso quasi a sua insaputa, che gli permetteva di dormire non pi\u00f9 di tre o quattro ore per notte. Un lavoro mai remunerato se non con un semplice panino e una birra: [&hellip;]","og_url":"https:\/\/ilmondodiadriano.it\/eng\/2013\/04\/01\/ciao-enzo\/","og_site_name":"Il Mondo di Adriano","article_published_time":"2013-04-01T10:50:12+00:00","article_modified_time":"2016-09-21T21:38:22+00:00","og_image":[{"width":800,"height":508,"url":"https:\/\/ilmondodiadriano.it\/eng\/wp-content\/uploads\/2013\/04\/jannacci.jpg","type":"image\/jpeg"}],"author":"ac","twitter_card":"summary_large_image","twitter_misc":{"Written by":"ac","Est. reading time":"2 minutes"},"schema":{"@context":"https:\/\/schema.org","@graph":[{"@type":"Article","@id":"https:\/\/ilmondodiadriano.it\/eng\/2013\/04\/01\/ciao-enzo\/#article","isPartOf":{"@id":"https:\/\/ilmondodiadriano.it\/eng\/2013\/04\/01\/ciao-enzo\/"},"author":{"name":"ac","@id":"https:\/\/ilmondodiadriano.it\/eng\/#\/schema\/person\/17e1d2baeb91b2eaca79e823e1071a37"},"headline":"CIAO, ENZO!","datePublished":"2013-04-01T10:50:12+00:00","dateModified":"2016-09-21T21:38:22+00:00","mainEntityOfPage":{"@id":"https:\/\/ilmondodiadriano.it\/eng\/2013\/04\/01\/ciao-enzo\/"},"wordCount":488,"image":{"@id":"https:\/\/ilmondodiadriano.it\/eng\/2013\/04\/01\/ciao-enzo\/#primaryimage"},"thumbnailUrl":"https:\/\/ilmondodiadriano.it\/eng\/wp-content\/uploads\/2013\/04\/jannacci.jpg","articleSection":["Articolo"],"inLanguage":"en-US"},{"@type":"WebPage","@id":"https:\/\/ilmondodiadriano.it\/eng\/2013\/04\/01\/ciao-enzo\/","url":"https:\/\/ilmondodiadriano.it\/eng\/2013\/04\/01\/ciao-enzo\/","name":"CIAO, ENZO! - Il Mondo di Adriano","isPartOf":{"@id":"https:\/\/ilmondodiadriano.it\/eng\/#website"},"primaryImageOfPage":{"@id":"https:\/\/ilmondodiadriano.it\/eng\/2013\/04\/01\/ciao-enzo\/#primaryimage"},"image":{"@id":"https:\/\/ilmondodiadriano.it\/eng\/2013\/04\/01\/ciao-enzo\/#primaryimage"},"thumbnailUrl":"https:\/\/ilmondodiadriano.it\/eng\/wp-content\/uploads\/2013\/04\/jannacci.jpg","datePublished":"2013-04-01T10:50:12+00:00","dateModified":"2016-09-21T21:38:22+00:00","author":{"@id":"https:\/\/ilmondodiadriano.it\/eng\/#\/schema\/person\/17e1d2baeb91b2eaca79e823e1071a37"},"breadcrumb":{"@id":"https:\/\/ilmondodiadriano.it\/eng\/2013\/04\/01\/ciao-enzo\/#breadcrumb"},"inLanguage":"en-US","potentialAction":[{"@type":"ReadAction","target":["https:\/\/ilmondodiadriano.it\/eng\/2013\/04\/01\/ciao-enzo\/"]}]},{"@type":"ImageObject","inLanguage":"en-US","@id":"https:\/\/ilmondodiadriano.it\/eng\/2013\/04\/01\/ciao-enzo\/#primaryimage","url":"https:\/\/ilmondodiadriano.it\/eng\/wp-content\/uploads\/2013\/04\/jannacci.jpg","contentUrl":"https:\/\/ilmondodiadriano.it\/eng\/wp-content\/uploads\/2013\/04\/jannacci.jpg","width":800,"height":508},{"@type":"BreadcrumbList","@id":"https:\/\/ilmondodiadriano.it\/eng\/2013\/04\/01\/ciao-enzo\/#breadcrumb","itemListElement":[{"@type":"ListItem","position":1,"name":"Home","item":"https:\/\/ilmondodiadriano.it\/eng\/"},{"@type":"ListItem","position":2,"name":"CIAO, ENZO!"}]},{"@type":"WebSite","@id":"https:\/\/ilmondodiadriano.it\/eng\/#website","url":"https:\/\/ilmondodiadriano.it\/eng\/","name":"Il Mondo di Adriano","description":"The official Adriano Celentano website","potentialAction":[{"@type":"SearchAction","target":{"@type":"EntryPoint","urlTemplate":"https:\/\/ilmondodiadriano.it\/eng\/?s={search_term_string}"},"query-input":{"@type":"PropertyValueSpecification","valueRequired":true,"valueName":"search_term_string"}}],"inLanguage":"en-US"},{"@type":"Person","@id":"https:\/\/ilmondodiadriano.it\/eng\/#\/schema\/person\/17e1d2baeb91b2eaca79e823e1071a37","name":"ac","image":{"@type":"ImageObject","inLanguage":"en-US","@id":"https:\/\/ilmondodiadriano.it\/eng\/#\/schema\/person\/image\/","url":"https:\/\/secure.gravatar.com\/avatar\/21349271868ddc52cdfe3be60c0f62e4?s=96&d=mm&r=g","contentUrl":"https:\/\/secure.gravatar.com\/avatar\/21349271868ddc52cdfe3be60c0f62e4?s=96&d=mm&r=g","caption":"ac"},"url":"https:\/\/ilmondodiadriano.it\/eng\/author\/ac\/"}]}},"_links":{"self":[{"href":"https:\/\/ilmondodiadriano.it\/eng\/wp-json\/wp\/v2\/posts\/1813","targetHints":{"allow":["GET"]}}],"collection":[{"href":"https:\/\/ilmondodiadriano.it\/eng\/wp-json\/wp\/v2\/posts"}],"about":[{"href":"https:\/\/ilmondodiadriano.it\/eng\/wp-json\/wp\/v2\/types\/post"}],"author":[{"embeddable":true,"href":"https:\/\/ilmondodiadriano.it\/eng\/wp-json\/wp\/v2\/users\/1"}],"replies":[{"embeddable":true,"href":"https:\/\/ilmondodiadriano.it\/eng\/wp-json\/wp\/v2\/comments?post=1813"}],"version-history":[{"count":3,"href":"https:\/\/ilmondodiadriano.it\/eng\/wp-json\/wp\/v2\/posts\/1813\/revisions"}],"predecessor-version":[{"id":7346,"href":"https:\/\/ilmondodiadriano.it\/eng\/wp-json\/wp\/v2\/posts\/1813\/revisions\/7346"}],"wp:featuredmedia":[{"embeddable":true,"href":"https:\/\/ilmondodiadriano.it\/eng\/wp-json\/wp\/v2\/media\/7345"}],"wp:attachment":[{"href":"https:\/\/ilmondodiadriano.it\/eng\/wp-json\/wp\/v2\/media?parent=1813"}],"wp:term":[{"taxonomy":"category","embeddable":true,"href":"https:\/\/ilmondodiadriano.it\/eng\/wp-json\/wp\/v2\/categories?post=1813"},{"taxonomy":"post_tag","embeddable":true,"href":"https:\/\/ilmondodiadriano.it\/eng\/wp-json\/wp\/v2\/tags?post=1813"}],"curies":[{"name":"wp","href":"https:\/\/api.w.org\/{rel}","templated":true}]}}