{"id":1818,"date":"2013-05-23T10:06:41","date_gmt":"2013-05-23T08:06:41","guid":{"rendered":"https:\/\/ilmondodiadriano.it\/blog\/?p=545"},"modified":"2016-09-21T22:43:03","modified_gmt":"2016-09-21T20:43:03","slug":"un-saluto-a-don-gallo","status":"publish","type":"post","link":"https:\/\/ilmondodiadriano.it\/eng\/2013\/05\/23\/un-saluto-a-don-gallo\/","title":{"rendered":"Un saluto a Don Gallo"},"content":{"rendered":"<p>Rimanevo incantato ogni volta che apparivi in televisione. Ti guardavo come si guarda una Star all&#8217;apice del suo momento migliore. E il tuo, di momento, cos\u00ec stravagante e giusto non tramontava mai, anche quando talvolta, sotto i colpi di qualche insulto da parte di coloro che non &#8220;SANNO&#8221;, il concetto sembrava sfuggirti, ma tu subito lo riacchiappavi, se non con le parole, con la forza delle tue espressioni che io guardavo con la &#8220;lente di ingrandimento&#8221;. Poi ci siamo conosciuti a Genova e prima di salire sul palco tu mi hai abbracciato cos\u00ec forte, nonostante l&#8217;et\u00e0, che mi sono commosso. E poi, quando sul palco io non volevo cantare, tu fosti cos\u00ec risoluto: &#8220;Ma dai, almeno una frase&#8221;, mi dicesti stringendomi forte il braccio, e io non potei fare a meno di obbedirti. Mi mancherai AMICO! E soprattutto il tuo istinto di essere sempre dalla parte degli ultimi.<\/p>\n<p>(da <em>il Fatto Quotidiano<\/em> del 23\/05\/2013)<\/p>\n","protected":false},"excerpt":{"rendered":"<p>Rimanevo incantato ogni volta che apparivi in televisione. Ti guardavo come si guarda una Star all&#8217;apice del suo momento migliore. E il tuo, di momento, cos\u00ec stravagante e giusto non tramontava mai, anche quando talvolta, sotto i colpi di qualche insulto da parte di coloro che non &#8220;SANNO&#8221;, il concetto sembrava sfuggirti, ma tu subito [&hellip;]<\/p>\n","protected":false},"author":1,"featured_media":7305,"comment_status":"closed","ping_status":"closed","sticky":false,"template":"","format":"standard","meta":{"footnotes":""},"categories":[1],"tags":[],"class_list":["post-1818","post","type-post","status-publish","format-standard","has-post-thumbnail","hentry","category-l-articolo"],"yoast_head":"<!-- This site is optimized with the Yoast SEO plugin v26.8 - https:\/\/yoast.com\/product\/yoast-seo-wordpress\/ -->\n<title>Un saluto a Don Gallo - Il Mondo di Adriano<\/title>\n<meta name=\"robots\" content=\"index, follow, max-snippet:-1, max-image-preview:large, max-video-preview:-1\" \/>\n<link rel=\"canonical\" href=\"https:\/\/ilmondodiadriano.it\/eng\/2013\/05\/23\/un-saluto-a-don-gallo\/\" \/>\n<meta property=\"og:locale\" content=\"en_US\" \/>\n<meta property=\"og:type\" content=\"article\" \/>\n<meta property=\"og:title\" content=\"Un saluto a Don Gallo - Il Mondo di Adriano\" \/>\n<meta property=\"og:description\" content=\"Rimanevo incantato ogni volta che apparivi in televisione. Ti guardavo come si guarda una Star all&#8217;apice del suo momento migliore. E il tuo, di momento, cos\u00ec stravagante e giusto non tramontava mai, anche quando talvolta, sotto i colpi di qualche insulto da parte di coloro che non &#8220;SANNO&#8221;, il concetto sembrava sfuggirti, ma tu subito [&hellip;]\" \/>\n<meta property=\"og:url\" content=\"https:\/\/ilmondodiadriano.it\/eng\/2013\/05\/23\/un-saluto-a-don-gallo\/\" \/>\n<meta property=\"og:site_name\" content=\"Il Mondo di Adriano\" \/>\n<meta property=\"article:published_time\" content=\"2013-05-23T08:06:41+00:00\" \/>\n<meta property=\"article:modified_time\" content=\"2016-09-21T20:43:03+00:00\" \/>\n<meta property=\"og:image\" content=\"https:\/\/ilmondodiadriano.it\/eng\/wp-content\/uploads\/2013\/05\/don-gallo_celentano1.jpg\" \/>\n\t<meta property=\"og:image:width\" content=\"990\" \/>\n\t<meta property=\"og:image:height\" content=\"674\" \/>\n\t<meta property=\"og:image:type\" content=\"image\/jpeg\" \/>\n<meta name=\"author\" content=\"ac\" \/>\n<meta name=\"twitter:card\" content=\"summary_large_image\" \/>\n<meta name=\"twitter:label1\" content=\"Written by\" \/>\n\t<meta name=\"twitter:data1\" content=\"ac\" \/>\n\t<meta name=\"twitter:label2\" content=\"Est. reading time\" \/>\n\t<meta name=\"twitter:data2\" content=\"1 minute\" \/>\n<script type=\"application\/ld+json\" class=\"yoast-schema-graph\">{\"@context\":\"https:\/\/schema.org\",\"@graph\":[{\"@type\":\"Article\",\"@id\":\"https:\/\/ilmondodiadriano.it\/eng\/2013\/05\/23\/un-saluto-a-don-gallo\/#article\",\"isPartOf\":{\"@id\":\"https:\/\/ilmondodiadriano.it\/eng\/2013\/05\/23\/un-saluto-a-don-gallo\/\"},\"author\":{\"name\":\"ac\",\"@id\":\"https:\/\/ilmondodiadriano.it\/eng\/#\/schema\/person\/17e1d2baeb91b2eaca79e823e1071a37\"},\"headline\":\"Un saluto a Don Gallo\",\"datePublished\":\"2013-05-23T08:06:41+00:00\",\"dateModified\":\"2016-09-21T20:43:03+00:00\",\"mainEntityOfPage\":{\"@id\":\"https:\/\/ilmondodiadriano.it\/eng\/2013\/05\/23\/un-saluto-a-don-gallo\/\"},\"wordCount\":158,\"image\":{\"@id\":\"https:\/\/ilmondodiadriano.it\/eng\/2013\/05\/23\/un-saluto-a-don-gallo\/#primaryimage\"},\"thumbnailUrl\":\"https:\/\/ilmondodiadriano.it\/eng\/wp-content\/uploads\/2013\/05\/don-gallo_celentano1.jpg\",\"articleSection\":[\"Articolo\"],\"inLanguage\":\"en-US\"},{\"@type\":\"WebPage\",\"@id\":\"https:\/\/ilmondodiadriano.it\/eng\/2013\/05\/23\/un-saluto-a-don-gallo\/\",\"url\":\"https:\/\/ilmondodiadriano.it\/eng\/2013\/05\/23\/un-saluto-a-don-gallo\/\",\"name\":\"Un saluto a Don Gallo - Il Mondo di Adriano\",\"isPartOf\":{\"@id\":\"https:\/\/ilmondodiadriano.it\/eng\/#website\"},\"primaryImageOfPage\":{\"@id\":\"https:\/\/ilmondodiadriano.it\/eng\/2013\/05\/23\/un-saluto-a-don-gallo\/#primaryimage\"},\"image\":{\"@id\":\"https:\/\/ilmondodiadriano.it\/eng\/2013\/05\/23\/un-saluto-a-don-gallo\/#primaryimage\"},\"thumbnailUrl\":\"https:\/\/ilmondodiadriano.it\/eng\/wp-content\/uploads\/2013\/05\/don-gallo_celentano1.jpg\",\"datePublished\":\"2013-05-23T08:06:41+00:00\",\"dateModified\":\"2016-09-21T20:43:03+00:00\",\"author\":{\"@id\":\"https:\/\/ilmondodiadriano.it\/eng\/#\/schema\/person\/17e1d2baeb91b2eaca79e823e1071a37\"},\"breadcrumb\":{\"@id\":\"https:\/\/ilmondodiadriano.it\/eng\/2013\/05\/23\/un-saluto-a-don-gallo\/#breadcrumb\"},\"inLanguage\":\"en-US\",\"potentialAction\":[{\"@type\":\"ReadAction\",\"target\":[\"https:\/\/ilmondodiadriano.it\/eng\/2013\/05\/23\/un-saluto-a-don-gallo\/\"]}]},{\"@type\":\"ImageObject\",\"inLanguage\":\"en-US\",\"@id\":\"https:\/\/ilmondodiadriano.it\/eng\/2013\/05\/23\/un-saluto-a-don-gallo\/#primaryimage\",\"url\":\"https:\/\/ilmondodiadriano.it\/eng\/wp-content\/uploads\/2013\/05\/don-gallo_celentano1.jpg\",\"contentUrl\":\"https:\/\/ilmondodiadriano.it\/eng\/wp-content\/uploads\/2013\/05\/don-gallo_celentano1.jpg\",\"width\":990,\"height\":674},{\"@type\":\"BreadcrumbList\",\"@id\":\"https:\/\/ilmondodiadriano.it\/eng\/2013\/05\/23\/un-saluto-a-don-gallo\/#breadcrumb\",\"itemListElement\":[{\"@type\":\"ListItem\",\"position\":1,\"name\":\"Home\",\"item\":\"https:\/\/ilmondodiadriano.it\/eng\/\"},{\"@type\":\"ListItem\",\"position\":2,\"name\":\"Un saluto a Don Gallo\"}]},{\"@type\":\"WebSite\",\"@id\":\"https:\/\/ilmondodiadriano.it\/eng\/#website\",\"url\":\"https:\/\/ilmondodiadriano.it\/eng\/\",\"name\":\"Il Mondo di Adriano\",\"description\":\"The official Adriano Celentano website\",\"potentialAction\":[{\"@type\":\"SearchAction\",\"target\":{\"@type\":\"EntryPoint\",\"urlTemplate\":\"https:\/\/ilmondodiadriano.it\/eng\/?s={search_term_string}\"},\"query-input\":{\"@type\":\"PropertyValueSpecification\",\"valueRequired\":true,\"valueName\":\"search_term_string\"}}],\"inLanguage\":\"en-US\"},{\"@type\":\"Person\",\"@id\":\"https:\/\/ilmondodiadriano.it\/eng\/#\/schema\/person\/17e1d2baeb91b2eaca79e823e1071a37\",\"name\":\"ac\",\"image\":{\"@type\":\"ImageObject\",\"inLanguage\":\"en-US\",\"@id\":\"https:\/\/ilmondodiadriano.it\/eng\/#\/schema\/person\/image\/\",\"url\":\"https:\/\/secure.gravatar.com\/avatar\/21349271868ddc52cdfe3be60c0f62e4?s=96&d=mm&r=g\",\"contentUrl\":\"https:\/\/secure.gravatar.com\/avatar\/21349271868ddc52cdfe3be60c0f62e4?s=96&d=mm&r=g\",\"caption\":\"ac\"},\"url\":\"https:\/\/ilmondodiadriano.it\/eng\/author\/ac\/\"}]}<\/script>\n<!-- \/ Yoast SEO plugin. -->","yoast_head_json":{"title":"Un saluto a Don Gallo - Il Mondo di Adriano","robots":{"index":"index","follow":"follow","max-snippet":"max-snippet:-1","max-image-preview":"max-image-preview:large","max-video-preview":"max-video-preview:-1"},"canonical":"https:\/\/ilmondodiadriano.it\/eng\/2013\/05\/23\/un-saluto-a-don-gallo\/","og_locale":"en_US","og_type":"article","og_title":"Un saluto a Don Gallo - Il Mondo di Adriano","og_description":"Rimanevo incantato ogni volta che apparivi in televisione. Ti guardavo come si guarda una Star all&#8217;apice del suo momento migliore. E il tuo, di momento, cos\u00ec stravagante e giusto non tramontava mai, anche quando talvolta, sotto i colpi di qualche insulto da parte di coloro che non &#8220;SANNO&#8221;, il concetto sembrava sfuggirti, ma tu subito [&hellip;]","og_url":"https:\/\/ilmondodiadriano.it\/eng\/2013\/05\/23\/un-saluto-a-don-gallo\/","og_site_name":"Il Mondo di Adriano","article_published_time":"2013-05-23T08:06:41+00:00","article_modified_time":"2016-09-21T20:43:03+00:00","og_image":[{"width":990,"height":674,"url":"https:\/\/ilmondodiadriano.it\/eng\/wp-content\/uploads\/2013\/05\/don-gallo_celentano1.jpg","type":"image\/jpeg"}],"author":"ac","twitter_card":"summary_large_image","twitter_misc":{"Written by":"ac","Est. reading time":"1 minute"},"schema":{"@context":"https:\/\/schema.org","@graph":[{"@type":"Article","@id":"https:\/\/ilmondodiadriano.it\/eng\/2013\/05\/23\/un-saluto-a-don-gallo\/#article","isPartOf":{"@id":"https:\/\/ilmondodiadriano.it\/eng\/2013\/05\/23\/un-saluto-a-don-gallo\/"},"author":{"name":"ac","@id":"https:\/\/ilmondodiadriano.it\/eng\/#\/schema\/person\/17e1d2baeb91b2eaca79e823e1071a37"},"headline":"Un saluto a Don Gallo","datePublished":"2013-05-23T08:06:41+00:00","dateModified":"2016-09-21T20:43:03+00:00","mainEntityOfPage":{"@id":"https:\/\/ilmondodiadriano.it\/eng\/2013\/05\/23\/un-saluto-a-don-gallo\/"},"wordCount":158,"image":{"@id":"https:\/\/ilmondodiadriano.it\/eng\/2013\/05\/23\/un-saluto-a-don-gallo\/#primaryimage"},"thumbnailUrl":"https:\/\/ilmondodiadriano.it\/eng\/wp-content\/uploads\/2013\/05\/don-gallo_celentano1.jpg","articleSection":["Articolo"],"inLanguage":"en-US"},{"@type":"WebPage","@id":"https:\/\/ilmondodiadriano.it\/eng\/2013\/05\/23\/un-saluto-a-don-gallo\/","url":"https:\/\/ilmondodiadriano.it\/eng\/2013\/05\/23\/un-saluto-a-don-gallo\/","name":"Un saluto a Don Gallo - Il Mondo di Adriano","isPartOf":{"@id":"https:\/\/ilmondodiadriano.it\/eng\/#website"},"primaryImageOfPage":{"@id":"https:\/\/ilmondodiadriano.it\/eng\/2013\/05\/23\/un-saluto-a-don-gallo\/#primaryimage"},"image":{"@id":"https:\/\/ilmondodiadriano.it\/eng\/2013\/05\/23\/un-saluto-a-don-gallo\/#primaryimage"},"thumbnailUrl":"https:\/\/ilmondodiadriano.it\/eng\/wp-content\/uploads\/2013\/05\/don-gallo_celentano1.jpg","datePublished":"2013-05-23T08:06:41+00:00","dateModified":"2016-09-21T20:43:03+00:00","author":{"@id":"https:\/\/ilmondodiadriano.it\/eng\/#\/schema\/person\/17e1d2baeb91b2eaca79e823e1071a37"},"breadcrumb":{"@id":"https:\/\/ilmondodiadriano.it\/eng\/2013\/05\/23\/un-saluto-a-don-gallo\/#breadcrumb"},"inLanguage":"en-US","potentialAction":[{"@type":"ReadAction","target":["https:\/\/ilmondodiadriano.it\/eng\/2013\/05\/23\/un-saluto-a-don-gallo\/"]}]},{"@type":"ImageObject","inLanguage":"en-US","@id":"https:\/\/ilmondodiadriano.it\/eng\/2013\/05\/23\/un-saluto-a-don-gallo\/#primaryimage","url":"https:\/\/ilmondodiadriano.it\/eng\/wp-content\/uploads\/2013\/05\/don-gallo_celentano1.jpg","contentUrl":"https:\/\/ilmondodiadriano.it\/eng\/wp-content\/uploads\/2013\/05\/don-gallo_celentano1.jpg","width":990,"height":674},{"@type":"BreadcrumbList","@id":"https:\/\/ilmondodiadriano.it\/eng\/2013\/05\/23\/un-saluto-a-don-gallo\/#breadcrumb","itemListElement":[{"@type":"ListItem","position":1,"name":"Home","item":"https:\/\/ilmondodiadriano.it\/eng\/"},{"@type":"ListItem","position":2,"name":"Un saluto a Don Gallo"}]},{"@type":"WebSite","@id":"https:\/\/ilmondodiadriano.it\/eng\/#website","url":"https:\/\/ilmondodiadriano.it\/eng\/","name":"Il Mondo di Adriano","description":"The official Adriano Celentano website","potentialAction":[{"@type":"SearchAction","target":{"@type":"EntryPoint","urlTemplate":"https:\/\/ilmondodiadriano.it\/eng\/?s={search_term_string}"},"query-input":{"@type":"PropertyValueSpecification","valueRequired":true,"valueName":"search_term_string"}}],"inLanguage":"en-US"},{"@type":"Person","@id":"https:\/\/ilmondodiadriano.it\/eng\/#\/schema\/person\/17e1d2baeb91b2eaca79e823e1071a37","name":"ac","image":{"@type":"ImageObject","inLanguage":"en-US","@id":"https:\/\/ilmondodiadriano.it\/eng\/#\/schema\/person\/image\/","url":"https:\/\/secure.gravatar.com\/avatar\/21349271868ddc52cdfe3be60c0f62e4?s=96&d=mm&r=g","contentUrl":"https:\/\/secure.gravatar.com\/avatar\/21349271868ddc52cdfe3be60c0f62e4?s=96&d=mm&r=g","caption":"ac"},"url":"https:\/\/ilmondodiadriano.it\/eng\/author\/ac\/"}]}},"_links":{"self":[{"href":"https:\/\/ilmondodiadriano.it\/eng\/wp-json\/wp\/v2\/posts\/1818","targetHints":{"allow":["GET"]}}],"collection":[{"href":"https:\/\/ilmondodiadriano.it\/eng\/wp-json\/wp\/v2\/posts"}],"about":[{"href":"https:\/\/ilmondodiadriano.it\/eng\/wp-json\/wp\/v2\/types\/post"}],"author":[{"embeddable":true,"href":"https:\/\/ilmondodiadriano.it\/eng\/wp-json\/wp\/v2\/users\/1"}],"replies":[{"embeddable":true,"href":"https:\/\/ilmondodiadriano.it\/eng\/wp-json\/wp\/v2\/comments?post=1818"}],"version-history":[{"count":3,"href":"https:\/\/ilmondodiadriano.it\/eng\/wp-json\/wp\/v2\/posts\/1818\/revisions"}],"predecessor-version":[{"id":7307,"href":"https:\/\/ilmondodiadriano.it\/eng\/wp-json\/wp\/v2\/posts\/1818\/revisions\/7307"}],"wp:featuredmedia":[{"embeddable":true,"href":"https:\/\/ilmondodiadriano.it\/eng\/wp-json\/wp\/v2\/media\/7305"}],"wp:attachment":[{"href":"https:\/\/ilmondodiadriano.it\/eng\/wp-json\/wp\/v2\/media?parent=1818"}],"wp:term":[{"taxonomy":"category","embeddable":true,"href":"https:\/\/ilmondodiadriano.it\/eng\/wp-json\/wp\/v2\/categories?post=1818"},{"taxonomy":"post_tag","embeddable":true,"href":"https:\/\/ilmondodiadriano.it\/eng\/wp-json\/wp\/v2\/tags?post=1818"}],"curies":[{"name":"wp","href":"https:\/\/api.w.org\/{rel}","templated":true}]}}