{"id":1828,"date":"2013-11-21T18:36:25","date_gmt":"2013-11-21T17:36:25","guid":{"rendered":"https:\/\/ilmondodiadriano.it\/blog\/?p=673"},"modified":"2016-09-21T23:25:48","modified_gmt":"2016-09-21T21:25:48","slug":"lettera-di-alda-merini-ad-adriano-celentano-2","status":"publish","type":"post","link":"https:\/\/ilmondodiadriano.it\/eng\/2013\/11\/21\/lettera-di-alda-merini-ad-adriano-celentano-2\/","title":{"rendered":"Lettera di Alda Merini ad Adriano Celentano"},"content":{"rendered":"<p>Ho ascoltato l&#8217;ultimo disco di Celentano fino all&#8217;esaurimento nervoso. L&#8217;ho fatto anche per esorcizzare le mie paure. \u00c8 come se avessi messo nel mio cervello la spina di una corrente che si era raffreddata. Per annientare lo sconcio dell&#8217;indifferenza. \u00c8 la societ\u00e0 dell&#8217;oggi e forse del domani. Ma ci\u00f2 che mi sorprende \u00e8 la grande forza di Celentano di ambientare il dolore nello scandalo della SUA indifferenza che diventa musica. \u00c8 come se Adriano ballasse in un metro quadrato di spazio sulle piastrelle della sua paura. In questo caso \u00e8 cos\u00ec duttile da poter essere rielaborato non solo dalla memoria ma dal dolore della memoria.<br \/>\nOgni corpo \u00e8 una prigione. Ogni rinnovamento dell&#8217; \u201caltro\u201d \u00e8 uno schiaffo morale sul volto pulito dell&#8217;infanzia, sul volto del bambino poeta.<br \/>\nQuando mi hanno \u201casportato\u201d il solaio mandandomi addosso un polverone di macerie ho sentito che questo dolore non solo mi faceva ammalare ma mi levava lo spazio vitale dell&#8217;ispirazione. La memoria \u00e8 il portento dell&#8217;uomo. L&#8217;uomo suda fatica per mantenere intatte le sue memorie. Le ama, le protegge come sue creature vive, e non vuole lasciarle morire strangolate nelle mani aride di un padrone di casa. O di un mistificatore del diritto sociale.<br \/>\nAdriano \u00e8 come una Venere maschio che salta fuori dai cocci di una terra che sta andando a rotoli, di una terra che si vuole vendicare. Canta e invoca la resurrezione dei corpi e della mente. Alle spalle il Coro, il Coro greco delle lamentatrici che canta questo eterno funerale delle idee e della libert\u00e0 dell&#8217;uomo.<br \/>\nL&#8217;uomo in principio ebbe paura del fuoco, ebbe paura della materia, persino della luce. Poi cerc\u00f2 di rendersi amici questi elementi che potevano farlo morire. Ecco: diciamo che una palafitta pu\u00f2 salvarci dalle belve in agguato. E il mondo della canzone di Celentano \u00e8 pieno di queste belve che lui guarda sorridendo e che ammansisce. \u00c8 un San Francesco che avvicina il lupo e fa ridere anche il peggiore dei mostri. Questo \u00e8 il grande potere dell&#8217;uomo. Anch&#8217;io in manicomio nei momenti di disperazione cominciavo a ridere e facevo ridere coloro che avevano paura. Mi sono salvata per questo. Comunque la religiosit\u00e0 di Adriano \u00e8 una forma panteistica della primigenia lussuria della passionalit\u00e0 scabrosa dell&#8217;artista contro cui si scatenano i mediocri, i distruttori della felicit\u00e0.<br \/>\nAdriano rivaluta il bisogno dell&#8217;uomo di non avere altri padroni che il Creatore del mondo. Se noi veramente continuiamo a amare coloro che un giorno ci uccideranno \u00e8 perch\u00e9 il culto della morte in noi si fa persona. Diventa l&#8217;ALTER EGO che baciamo perch\u00e9 la morte ha il riso dell&#8217;ascesi.<br \/>\nQuesto pamphlet non \u00e8 altro che la rivalsa su tutti gli spregevoli conti in tasca dell&#8217;uomo che vuole arricchire e distruggere la cultura.<br \/>\nCos\u00ec morir\u00e0 il mondo se non ci saranno i Poeti e questi giullari del canto che pregano Dio piegandosi in due per il dolore.<br \/>\nIl ritmo di Adriano \u00e8 il ritmo del sangue. Come dice la Tamaro: Adriano va dove lo porta il cuore e dove andiamo noi tutti per morire sereni. Forse in una fossa comune dove continueremo a cantare il nome della Piet\u00e0 Divina.<\/p>\n<p>ALDA MERINI<\/p>\n","protected":false},"excerpt":{"rendered":"<p>Ho ascoltato l&#8217;ultimo disco di Celentano fino all&#8217;esaurimento nervoso. L&#8217;ho fatto anche per esorcizzare le mie paure. \u00c8 come se avessi messo nel mio cervello la spina di una corrente che si era raffreddata. Per annientare lo sconcio dell&#8217;indifferenza. \u00c8 la societ\u00e0 dell&#8217;oggi e forse del domani. Ma ci\u00f2 che mi sorprende \u00e8 la grande [&hellip;]<\/p>\n","protected":false},"author":1,"featured_media":7261,"comment_status":"closed","ping_status":"closed","sticky":false,"template":"","format":"standard","meta":{"footnotes":""},"categories":[1],"tags":[],"class_list":["post-1828","post","type-post","status-publish","format-standard","has-post-thumbnail","hentry","category-l-articolo"],"yoast_head":"<!-- This site is optimized with the Yoast SEO plugin v26.8 - https:\/\/yoast.com\/product\/yoast-seo-wordpress\/ -->\n<title>Lettera di Alda Merini ad Adriano Celentano - Il Mondo di Adriano<\/title>\n<meta name=\"robots\" content=\"index, follow, max-snippet:-1, max-image-preview:large, max-video-preview:-1\" \/>\n<link rel=\"canonical\" href=\"https:\/\/ilmondodiadriano.it\/eng\/2013\/11\/21\/lettera-di-alda-merini-ad-adriano-celentano-2\/\" \/>\n<meta property=\"og:locale\" content=\"en_US\" \/>\n<meta property=\"og:type\" content=\"article\" \/>\n<meta property=\"og:title\" content=\"Lettera di Alda Merini ad Adriano Celentano - Il Mondo di Adriano\" \/>\n<meta property=\"og:description\" content=\"Ho ascoltato l&#8217;ultimo disco di Celentano fino all&#8217;esaurimento nervoso. L&#8217;ho fatto anche per esorcizzare le mie paure. \u00c8 come se avessi messo nel mio cervello la spina di una corrente che si era raffreddata. Per annientare lo sconcio dell&#8217;indifferenza. \u00c8 la societ\u00e0 dell&#8217;oggi e forse del domani. Ma ci\u00f2 che mi sorprende \u00e8 la grande [&hellip;]\" \/>\n<meta property=\"og:url\" content=\"https:\/\/ilmondodiadriano.it\/eng\/2013\/11\/21\/lettera-di-alda-merini-ad-adriano-celentano-2\/\" \/>\n<meta property=\"og:site_name\" content=\"Il Mondo di Adriano\" \/>\n<meta property=\"article:published_time\" content=\"2013-11-21T17:36:25+00:00\" \/>\n<meta property=\"article:modified_time\" content=\"2016-09-21T21:25:48+00:00\" \/>\n<meta property=\"og:image\" content=\"https:\/\/ilmondodiadriano.it\/eng\/wp-content\/uploads\/2013\/11\/alda-merini.jpg\" \/>\n\t<meta property=\"og:image:width\" content=\"1280\" \/>\n\t<meta property=\"og:image:height\" content=\"720\" \/>\n\t<meta property=\"og:image:type\" content=\"image\/jpeg\" \/>\n<meta name=\"author\" content=\"ac\" \/>\n<meta name=\"twitter:card\" content=\"summary_large_image\" \/>\n<meta name=\"twitter:label1\" content=\"Written by\" \/>\n\t<meta name=\"twitter:data1\" content=\"ac\" \/>\n\t<meta name=\"twitter:label2\" content=\"Est. reading time\" \/>\n\t<meta name=\"twitter:data2\" content=\"3 minutes\" \/>\n<script type=\"application\/ld+json\" class=\"yoast-schema-graph\">{\"@context\":\"https:\/\/schema.org\",\"@graph\":[{\"@type\":\"Article\",\"@id\":\"https:\/\/ilmondodiadriano.it\/eng\/2013\/11\/21\/lettera-di-alda-merini-ad-adriano-celentano-2\/#article\",\"isPartOf\":{\"@id\":\"https:\/\/ilmondodiadriano.it\/eng\/2013\/11\/21\/lettera-di-alda-merini-ad-adriano-celentano-2\/\"},\"author\":{\"name\":\"ac\",\"@id\":\"https:\/\/ilmondodiadriano.it\/eng\/#\/schema\/person\/17e1d2baeb91b2eaca79e823e1071a37\"},\"headline\":\"Lettera di Alda Merini ad Adriano Celentano\",\"datePublished\":\"2013-11-21T17:36:25+00:00\",\"dateModified\":\"2016-09-21T21:25:48+00:00\",\"mainEntityOfPage\":{\"@id\":\"https:\/\/ilmondodiadriano.it\/eng\/2013\/11\/21\/lettera-di-alda-merini-ad-adriano-celentano-2\/\"},\"wordCount\":513,\"image\":{\"@id\":\"https:\/\/ilmondodiadriano.it\/eng\/2013\/11\/21\/lettera-di-alda-merini-ad-adriano-celentano-2\/#primaryimage\"},\"thumbnailUrl\":\"https:\/\/ilmondodiadriano.it\/eng\/wp-content\/uploads\/2013\/11\/alda-merini.jpg\",\"articleSection\":[\"Articolo\"],\"inLanguage\":\"en-US\"},{\"@type\":\"WebPage\",\"@id\":\"https:\/\/ilmondodiadriano.it\/eng\/2013\/11\/21\/lettera-di-alda-merini-ad-adriano-celentano-2\/\",\"url\":\"https:\/\/ilmondodiadriano.it\/eng\/2013\/11\/21\/lettera-di-alda-merini-ad-adriano-celentano-2\/\",\"name\":\"Lettera di Alda Merini ad Adriano Celentano - Il Mondo di Adriano\",\"isPartOf\":{\"@id\":\"https:\/\/ilmondodiadriano.it\/eng\/#website\"},\"primaryImageOfPage\":{\"@id\":\"https:\/\/ilmondodiadriano.it\/eng\/2013\/11\/21\/lettera-di-alda-merini-ad-adriano-celentano-2\/#primaryimage\"},\"image\":{\"@id\":\"https:\/\/ilmondodiadriano.it\/eng\/2013\/11\/21\/lettera-di-alda-merini-ad-adriano-celentano-2\/#primaryimage\"},\"thumbnailUrl\":\"https:\/\/ilmondodiadriano.it\/eng\/wp-content\/uploads\/2013\/11\/alda-merini.jpg\",\"datePublished\":\"2013-11-21T17:36:25+00:00\",\"dateModified\":\"2016-09-21T21:25:48+00:00\",\"author\":{\"@id\":\"https:\/\/ilmondodiadriano.it\/eng\/#\/schema\/person\/17e1d2baeb91b2eaca79e823e1071a37\"},\"breadcrumb\":{\"@id\":\"https:\/\/ilmondodiadriano.it\/eng\/2013\/11\/21\/lettera-di-alda-merini-ad-adriano-celentano-2\/#breadcrumb\"},\"inLanguage\":\"en-US\",\"potentialAction\":[{\"@type\":\"ReadAction\",\"target\":[\"https:\/\/ilmondodiadriano.it\/eng\/2013\/11\/21\/lettera-di-alda-merini-ad-adriano-celentano-2\/\"]}]},{\"@type\":\"ImageObject\",\"inLanguage\":\"en-US\",\"@id\":\"https:\/\/ilmondodiadriano.it\/eng\/2013\/11\/21\/lettera-di-alda-merini-ad-adriano-celentano-2\/#primaryimage\",\"url\":\"https:\/\/ilmondodiadriano.it\/eng\/wp-content\/uploads\/2013\/11\/alda-merini.jpg\",\"contentUrl\":\"https:\/\/ilmondodiadriano.it\/eng\/wp-content\/uploads\/2013\/11\/alda-merini.jpg\",\"width\":1280,\"height\":720},{\"@type\":\"BreadcrumbList\",\"@id\":\"https:\/\/ilmondodiadriano.it\/eng\/2013\/11\/21\/lettera-di-alda-merini-ad-adriano-celentano-2\/#breadcrumb\",\"itemListElement\":[{\"@type\":\"ListItem\",\"position\":1,\"name\":\"Home\",\"item\":\"https:\/\/ilmondodiadriano.it\/eng\/\"},{\"@type\":\"ListItem\",\"position\":2,\"name\":\"Lettera di Alda Merini ad Adriano Celentano\"}]},{\"@type\":\"WebSite\",\"@id\":\"https:\/\/ilmondodiadriano.it\/eng\/#website\",\"url\":\"https:\/\/ilmondodiadriano.it\/eng\/\",\"name\":\"Il Mondo di Adriano\",\"description\":\"The official Adriano Celentano website\",\"potentialAction\":[{\"@type\":\"SearchAction\",\"target\":{\"@type\":\"EntryPoint\",\"urlTemplate\":\"https:\/\/ilmondodiadriano.it\/eng\/?s={search_term_string}\"},\"query-input\":{\"@type\":\"PropertyValueSpecification\",\"valueRequired\":true,\"valueName\":\"search_term_string\"}}],\"inLanguage\":\"en-US\"},{\"@type\":\"Person\",\"@id\":\"https:\/\/ilmondodiadriano.it\/eng\/#\/schema\/person\/17e1d2baeb91b2eaca79e823e1071a37\",\"name\":\"ac\",\"image\":{\"@type\":\"ImageObject\",\"inLanguage\":\"en-US\",\"@id\":\"https:\/\/ilmondodiadriano.it\/eng\/#\/schema\/person\/image\/\",\"url\":\"https:\/\/secure.gravatar.com\/avatar\/21349271868ddc52cdfe3be60c0f62e4?s=96&d=mm&r=g\",\"contentUrl\":\"https:\/\/secure.gravatar.com\/avatar\/21349271868ddc52cdfe3be60c0f62e4?s=96&d=mm&r=g\",\"caption\":\"ac\"},\"url\":\"https:\/\/ilmondodiadriano.it\/eng\/author\/ac\/\"}]}<\/script>\n<!-- \/ Yoast SEO plugin. -->","yoast_head_json":{"title":"Lettera di Alda Merini ad Adriano Celentano - Il Mondo di Adriano","robots":{"index":"index","follow":"follow","max-snippet":"max-snippet:-1","max-image-preview":"max-image-preview:large","max-video-preview":"max-video-preview:-1"},"canonical":"https:\/\/ilmondodiadriano.it\/eng\/2013\/11\/21\/lettera-di-alda-merini-ad-adriano-celentano-2\/","og_locale":"en_US","og_type":"article","og_title":"Lettera di Alda Merini ad Adriano Celentano - Il Mondo di Adriano","og_description":"Ho ascoltato l&#8217;ultimo disco di Celentano fino all&#8217;esaurimento nervoso. L&#8217;ho fatto anche per esorcizzare le mie paure. \u00c8 come se avessi messo nel mio cervello la spina di una corrente che si era raffreddata. Per annientare lo sconcio dell&#8217;indifferenza. \u00c8 la societ\u00e0 dell&#8217;oggi e forse del domani. Ma ci\u00f2 che mi sorprende \u00e8 la grande [&hellip;]","og_url":"https:\/\/ilmondodiadriano.it\/eng\/2013\/11\/21\/lettera-di-alda-merini-ad-adriano-celentano-2\/","og_site_name":"Il Mondo di Adriano","article_published_time":"2013-11-21T17:36:25+00:00","article_modified_time":"2016-09-21T21:25:48+00:00","og_image":[{"width":1280,"height":720,"url":"https:\/\/ilmondodiadriano.it\/eng\/wp-content\/uploads\/2013\/11\/alda-merini.jpg","type":"image\/jpeg"}],"author":"ac","twitter_card":"summary_large_image","twitter_misc":{"Written by":"ac","Est. reading time":"3 minutes"},"schema":{"@context":"https:\/\/schema.org","@graph":[{"@type":"Article","@id":"https:\/\/ilmondodiadriano.it\/eng\/2013\/11\/21\/lettera-di-alda-merini-ad-adriano-celentano-2\/#article","isPartOf":{"@id":"https:\/\/ilmondodiadriano.it\/eng\/2013\/11\/21\/lettera-di-alda-merini-ad-adriano-celentano-2\/"},"author":{"name":"ac","@id":"https:\/\/ilmondodiadriano.it\/eng\/#\/schema\/person\/17e1d2baeb91b2eaca79e823e1071a37"},"headline":"Lettera di Alda Merini ad Adriano Celentano","datePublished":"2013-11-21T17:36:25+00:00","dateModified":"2016-09-21T21:25:48+00:00","mainEntityOfPage":{"@id":"https:\/\/ilmondodiadriano.it\/eng\/2013\/11\/21\/lettera-di-alda-merini-ad-adriano-celentano-2\/"},"wordCount":513,"image":{"@id":"https:\/\/ilmondodiadriano.it\/eng\/2013\/11\/21\/lettera-di-alda-merini-ad-adriano-celentano-2\/#primaryimage"},"thumbnailUrl":"https:\/\/ilmondodiadriano.it\/eng\/wp-content\/uploads\/2013\/11\/alda-merini.jpg","articleSection":["Articolo"],"inLanguage":"en-US"},{"@type":"WebPage","@id":"https:\/\/ilmondodiadriano.it\/eng\/2013\/11\/21\/lettera-di-alda-merini-ad-adriano-celentano-2\/","url":"https:\/\/ilmondodiadriano.it\/eng\/2013\/11\/21\/lettera-di-alda-merini-ad-adriano-celentano-2\/","name":"Lettera di Alda Merini ad Adriano Celentano - Il Mondo di Adriano","isPartOf":{"@id":"https:\/\/ilmondodiadriano.it\/eng\/#website"},"primaryImageOfPage":{"@id":"https:\/\/ilmondodiadriano.it\/eng\/2013\/11\/21\/lettera-di-alda-merini-ad-adriano-celentano-2\/#primaryimage"},"image":{"@id":"https:\/\/ilmondodiadriano.it\/eng\/2013\/11\/21\/lettera-di-alda-merini-ad-adriano-celentano-2\/#primaryimage"},"thumbnailUrl":"https:\/\/ilmondodiadriano.it\/eng\/wp-content\/uploads\/2013\/11\/alda-merini.jpg","datePublished":"2013-11-21T17:36:25+00:00","dateModified":"2016-09-21T21:25:48+00:00","author":{"@id":"https:\/\/ilmondodiadriano.it\/eng\/#\/schema\/person\/17e1d2baeb91b2eaca79e823e1071a37"},"breadcrumb":{"@id":"https:\/\/ilmondodiadriano.it\/eng\/2013\/11\/21\/lettera-di-alda-merini-ad-adriano-celentano-2\/#breadcrumb"},"inLanguage":"en-US","potentialAction":[{"@type":"ReadAction","target":["https:\/\/ilmondodiadriano.it\/eng\/2013\/11\/21\/lettera-di-alda-merini-ad-adriano-celentano-2\/"]}]},{"@type":"ImageObject","inLanguage":"en-US","@id":"https:\/\/ilmondodiadriano.it\/eng\/2013\/11\/21\/lettera-di-alda-merini-ad-adriano-celentano-2\/#primaryimage","url":"https:\/\/ilmondodiadriano.it\/eng\/wp-content\/uploads\/2013\/11\/alda-merini.jpg","contentUrl":"https:\/\/ilmondodiadriano.it\/eng\/wp-content\/uploads\/2013\/11\/alda-merini.jpg","width":1280,"height":720},{"@type":"BreadcrumbList","@id":"https:\/\/ilmondodiadriano.it\/eng\/2013\/11\/21\/lettera-di-alda-merini-ad-adriano-celentano-2\/#breadcrumb","itemListElement":[{"@type":"ListItem","position":1,"name":"Home","item":"https:\/\/ilmondodiadriano.it\/eng\/"},{"@type":"ListItem","position":2,"name":"Lettera di Alda Merini ad Adriano Celentano"}]},{"@type":"WebSite","@id":"https:\/\/ilmondodiadriano.it\/eng\/#website","url":"https:\/\/ilmondodiadriano.it\/eng\/","name":"Il Mondo di Adriano","description":"The official Adriano Celentano website","potentialAction":[{"@type":"SearchAction","target":{"@type":"EntryPoint","urlTemplate":"https:\/\/ilmondodiadriano.it\/eng\/?s={search_term_string}"},"query-input":{"@type":"PropertyValueSpecification","valueRequired":true,"valueName":"search_term_string"}}],"inLanguage":"en-US"},{"@type":"Person","@id":"https:\/\/ilmondodiadriano.it\/eng\/#\/schema\/person\/17e1d2baeb91b2eaca79e823e1071a37","name":"ac","image":{"@type":"ImageObject","inLanguage":"en-US","@id":"https:\/\/ilmondodiadriano.it\/eng\/#\/schema\/person\/image\/","url":"https:\/\/secure.gravatar.com\/avatar\/21349271868ddc52cdfe3be60c0f62e4?s=96&d=mm&r=g","contentUrl":"https:\/\/secure.gravatar.com\/avatar\/21349271868ddc52cdfe3be60c0f62e4?s=96&d=mm&r=g","caption":"ac"},"url":"https:\/\/ilmondodiadriano.it\/eng\/author\/ac\/"}]}},"_links":{"self":[{"href":"https:\/\/ilmondodiadriano.it\/eng\/wp-json\/wp\/v2\/posts\/1828","targetHints":{"allow":["GET"]}}],"collection":[{"href":"https:\/\/ilmondodiadriano.it\/eng\/wp-json\/wp\/v2\/posts"}],"about":[{"href":"https:\/\/ilmondodiadriano.it\/eng\/wp-json\/wp\/v2\/types\/post"}],"author":[{"embeddable":true,"href":"https:\/\/ilmondodiadriano.it\/eng\/wp-json\/wp\/v2\/users\/1"}],"replies":[{"embeddable":true,"href":"https:\/\/ilmondodiadriano.it\/eng\/wp-json\/wp\/v2\/comments?post=1828"}],"version-history":[{"count":3,"href":"https:\/\/ilmondodiadriano.it\/eng\/wp-json\/wp\/v2\/posts\/1828\/revisions"}],"predecessor-version":[{"id":7336,"href":"https:\/\/ilmondodiadriano.it\/eng\/wp-json\/wp\/v2\/posts\/1828\/revisions\/7336"}],"wp:featuredmedia":[{"embeddable":true,"href":"https:\/\/ilmondodiadriano.it\/eng\/wp-json\/wp\/v2\/media\/7261"}],"wp:attachment":[{"href":"https:\/\/ilmondodiadriano.it\/eng\/wp-json\/wp\/v2\/media?parent=1828"}],"wp:term":[{"taxonomy":"category","embeddable":true,"href":"https:\/\/ilmondodiadriano.it\/eng\/wp-json\/wp\/v2\/categories?post=1828"},{"taxonomy":"post_tag","embeddable":true,"href":"https:\/\/ilmondodiadriano.it\/eng\/wp-json\/wp\/v2\/tags?post=1828"}],"curies":[{"name":"wp","href":"https:\/\/api.w.org\/{rel}","templated":true}]}}