{"id":1832,"date":"2012-02-20T18:05:24","date_gmt":"2012-02-20T17:05:24","guid":{"rendered":"https:\/\/ilmondodiadriano.it\/blog\/?p=170"},"modified":"2016-09-29T22:30:27","modified_gmt":"2016-09-29T20:30:27","slug":"rassegna-stampa-secolo-xix-e-adnkronos","status":"publish","type":"post","link":"https:\/\/ilmondodiadriano.it\/eng\/2012\/02\/20\/rassegna-stampa-secolo-xix-e-adnkronos\/","title":{"rendered":"Rassegna stampa Secolo XIX e AdnKronos"},"content":{"rendered":"<p><strong>Dal SECOLO XIX 20.02.2012<\/strong><\/p>\n<p>Intervista a Vito Mancuso<br \/>\nE il teologo si schiera: &#8220;Sono d&#8217;accordo con Adriano&#8221;<br \/>\nL&#8217;intelletuale cattolico spiega: &#8220;Difficile dargli torto, quando dice che i preti devono occuparsi di pi\u00f9 del paradiso e della vita eterna e meno di politica&#8221;.<br \/>\nVedrete che tra qualche giorno nessuno si ricorder\u00e0 pi\u00f9 le parole di Celentano. D&#8217;altra parte non \u00e8\u00a0n\u00e9 Cacciari n\u00e9 Mancuso, scherza il Direttore di Rai Uno, Mauro Mazza. E probabilmente questo \u00e8\u00a0vero, anche se proprio Mancuso, uno dei due filosofi chiamati in causa, considera le parole del cantante tutt&#8217;altro che peregrine..e anzi, ammette, con grande tranquillit\u00e0, che a ben vedere non si pu\u00f2 essere d&#8217;accordo con lui.<br \/>\nMancuso di schiera a sorpresa ma non troppo a favore delle esternazioni con cui il cantante ha choccato Sanremo e buona parte dei cattolici italiani. Nel momento in cui dice che i preti dovrebbero fare di pi\u00f9 il loro mestiere di uomini dello spirito, capaci di toccare i problemi primi e ultimi dell&#8217;esistenza, del Paradiso e della vita eterna, anzich\u00e9 parlare di politica, &#8220;difficile dargli torto&#8221;. &#8220;Celentano? un personaggio a volte discutibile, ma sempre interessante, un credente alla sua maniera, probabilmente se non avesse fatto la battuta &#8216;bisogna chiudere Avvenire e Famiglia Cristiana&#8217;, ma semplicemente che i due giornali vanno fortemente riformati, se non rivoluzionati, non avrebbe suscitato lo stesso scandalo, ma avrebbe aperto un dibattito interessante. Penso per\u00f2 che abbia fatto un errore di analisi ad accomunare le due testate: il quotidiano \u00e8\u00a0davvero la &#8220;voce del padrone&#8221;, mentre il settimanale \u00e8\u00a0molto pi\u00f9 libero.<br \/>\nForse alla fine si dovr\u00e0 perci\u00f2 constatare proprio a giudicare dalla reazione di un intellettuale che conosce molto bene il mondo cattolico come Mancuso che il qualunquista (e cristiano) Celentano \u00e8\u00a0andato a toccare un nervo che \u00e8\u00a0particolarmente scoperto.<\/p>\n<p>&#8212;&#8212;&#8212;&#8212;&#8212;&#8212;&#8212;&#8212;&#8212;&#8212;&#8212;&#8212;&#8212;&#8212;&#8212;&#8212;&#8212;&#8212;&#8212;&#8212;&#8212;&#8212;&#8212;&#8212;&#8212;&#8212;&#8212;&#8212;&#8212;&#8212;&#8212;&#8212;&#8212;&#8212;&#8212;&#8212;&#8212;&#8212;<\/p>\n<p><strong>SANREMO: LILIANA CAVANI DIFENDE CELENTANO, NON CAPISCO LO SCANDALO NEL CDA RAI DI CUI FACEVO PARTE NON CI SAREBBE MAI VENUTO IN MENTE DI OCCUPARCI DEL FESTIVAL<\/strong> Sanremo, 15 feb. (Adnkronos) &#8211; Liliana Cavani difende Adriano Celentano. La regista cattolica dice di aver &#8220;apprezzato la performance di ieri sera&#8221;: &#8220;Non capisco lo scandalo&#8221;, dice, raggiunta al telefono dall&#8217;Adnkronos. &#8220;Avere delle reazioni feroci all&#8217;intervento di Celentano -prosegue- \u00e8\u00a0da paese vecchio, non aperto. A me \u00e8\u00a0piaciuto, mi piace lui, \u00e8 una persona che mi d\u00e0\u00a0emozioni differenti, originali. E poi si vede che \u00e8\u00a0onesto&#8221;. Quanto all&#8217;attacco al calor bianco ai giornali cattolici, la regista argomenta: &#8220;Io l&#8217;ho interpretato come uno stimolo, per quanto espresso in maniera provocatoria, a rivolgersi anche alla platea non cattolica.\u00a0Il messaggio stupendo del Vangelo deve essere rivolto anche al di fuori del ristretto giro dei cattolici praticanti&#8221;, sottolinea.<br \/>\nPi\u00f9 in generale la Cavani crede che &#8220;Celentano abbia espresso il suo parere, con una grande carica di emozione e con tutta la responsabilit\u00e0 personale di chi esprime un&#8217;opinione anche con emotivit\u00e0. E&#8217; chiaro che ogni opinione pu\u00f2 dispiacere a qualcuno e piacere ad altri. Ma questo accade sempre. Io, per esempio, davvero non capito chi ha trovato da ridire sulla donazione del suo cachet: \u00e8\u00a0chiaro che lo ha detto pubblicamente nel tentativo di stimolare altri a fare altrettanto. E invece addirittura qualche cattolico lo critica, ed \u00e8\u00a0davvero sbagliato. La carit\u00e0 non \u00e8\u00a0appannaggio esclusivo dei cattolici. Negli altri Paesi le donazioni pubbliche dei privati sono all&#8217;ordine del giorno&#8221;.<br \/>\nInfine, Liliana Cavani, che \u00e8\u00a0stata consigliere d&#8217;amministrazione della Rai in passato, commenta le reazioni di Viale Mazzini alla serata di ieri: &#8220;Nel Cda Rai di cui ho fatto parte non ci sarebbe venuto proprio in mente di occuparci di Sanremo, di ingerire in aspetti artistici di singole manifestazioni. Bisogna che autori e direttori abbiano la loro libert\u00e0. E&#8217; normale poi che ci sia un eterno dibattito sulle scelte artistiche, che sono soggettive&#8221;, conclude.(Nex\/Col\/Adnkronos) 15-FEB-12 17:21<\/p>\n","protected":false},"excerpt":{"rendered":"<p>Dal SECOLO XIX 20.02.2012 Intervista a Vito Mancuso E il teologo si schiera: &#8220;Sono d&#8217;accordo con Adriano&#8221; L&#8217;intelletuale cattolico spiega: &#8220;Difficile dargli torto, quando dice che i preti devono occuparsi di pi\u00f9 del paradiso e della vita eterna e meno di politica&#8221;. Vedrete che tra qualche giorno nessuno si ricorder\u00e0 pi\u00f9 le parole di Celentano. [&hellip;]<\/p>\n","protected":false},"author":1,"featured_media":7688,"comment_status":"closed","ping_status":"closed","sticky":false,"template":"","format":"standard","meta":{"footnotes":""},"categories":[1],"tags":[],"class_list":["post-1832","post","type-post","status-publish","format-standard","has-post-thumbnail","hentry","category-l-articolo"],"yoast_head":"<!-- This site is optimized with the Yoast SEO plugin v26.8 - https:\/\/yoast.com\/product\/yoast-seo-wordpress\/ -->\n<title>Rassegna stampa Secolo XIX e AdnKronos - Il Mondo di Adriano<\/title>\n<meta name=\"robots\" content=\"index, follow, max-snippet:-1, max-image-preview:large, max-video-preview:-1\" \/>\n<link rel=\"canonical\" href=\"https:\/\/ilmondodiadriano.it\/eng\/2012\/02\/20\/rassegna-stampa-secolo-xix-e-adnkronos\/\" \/>\n<meta property=\"og:locale\" content=\"en_US\" \/>\n<meta property=\"og:type\" content=\"article\" \/>\n<meta property=\"og:title\" content=\"Rassegna stampa Secolo XIX e AdnKronos - Il Mondo di Adriano\" \/>\n<meta property=\"og:description\" content=\"Dal SECOLO XIX 20.02.2012 Intervista a Vito Mancuso E il teologo si schiera: &#8220;Sono d&#8217;accordo con Adriano&#8221; L&#8217;intelletuale cattolico spiega: &#8220;Difficile dargli torto, quando dice che i preti devono occuparsi di pi\u00f9 del paradiso e della vita eterna e meno di politica&#8221;. Vedrete che tra qualche giorno nessuno si ricorder\u00e0 pi\u00f9 le parole di Celentano. [&hellip;]\" \/>\n<meta property=\"og:url\" content=\"https:\/\/ilmondodiadriano.it\/eng\/2012\/02\/20\/rassegna-stampa-secolo-xix-e-adnkronos\/\" \/>\n<meta property=\"og:site_name\" content=\"Il Mondo di Adriano\" \/>\n<meta property=\"article:published_time\" content=\"2012-02-20T17:05:24+00:00\" \/>\n<meta property=\"article:modified_time\" content=\"2016-09-29T20:30:27+00:00\" \/>\n<meta property=\"og:image\" content=\"https:\/\/ilmondodiadriano.it\/eng\/wp-content\/uploads\/2012\/02\/8946748278_8fb6f8f667.jpg\" \/>\n\t<meta property=\"og:image:width\" content=\"494\" \/>\n\t<meta property=\"og:image:height\" content=\"332\" \/>\n\t<meta property=\"og:image:type\" content=\"image\/jpeg\" \/>\n<meta name=\"author\" content=\"ac\" \/>\n<meta name=\"twitter:card\" content=\"summary_large_image\" \/>\n<meta name=\"twitter:label1\" content=\"Written by\" \/>\n\t<meta name=\"twitter:data1\" content=\"ac\" \/>\n\t<meta name=\"twitter:label2\" content=\"Est. reading time\" \/>\n\t<meta name=\"twitter:data2\" content=\"3 minutes\" \/>\n<script type=\"application\/ld+json\" class=\"yoast-schema-graph\">{\"@context\":\"https:\/\/schema.org\",\"@graph\":[{\"@type\":\"Article\",\"@id\":\"https:\/\/ilmondodiadriano.it\/eng\/2012\/02\/20\/rassegna-stampa-secolo-xix-e-adnkronos\/#article\",\"isPartOf\":{\"@id\":\"https:\/\/ilmondodiadriano.it\/eng\/2012\/02\/20\/rassegna-stampa-secolo-xix-e-adnkronos\/\"},\"author\":{\"name\":\"ac\",\"@id\":\"https:\/\/ilmondodiadriano.it\/eng\/#\/schema\/person\/17e1d2baeb91b2eaca79e823e1071a37\"},\"headline\":\"Rassegna stampa Secolo XIX e AdnKronos\",\"datePublished\":\"2012-02-20T17:05:24+00:00\",\"dateModified\":\"2016-09-29T20:30:27+00:00\",\"mainEntityOfPage\":{\"@id\":\"https:\/\/ilmondodiadriano.it\/eng\/2012\/02\/20\/rassegna-stampa-secolo-xix-e-adnkronos\/\"},\"wordCount\":622,\"image\":{\"@id\":\"https:\/\/ilmondodiadriano.it\/eng\/2012\/02\/20\/rassegna-stampa-secolo-xix-e-adnkronos\/#primaryimage\"},\"thumbnailUrl\":\"https:\/\/ilmondodiadriano.it\/eng\/wp-content\/uploads\/2012\/02\/8946748278_8fb6f8f667.jpg\",\"articleSection\":[\"Articolo\"],\"inLanguage\":\"en-US\"},{\"@type\":\"WebPage\",\"@id\":\"https:\/\/ilmondodiadriano.it\/eng\/2012\/02\/20\/rassegna-stampa-secolo-xix-e-adnkronos\/\",\"url\":\"https:\/\/ilmondodiadriano.it\/eng\/2012\/02\/20\/rassegna-stampa-secolo-xix-e-adnkronos\/\",\"name\":\"Rassegna stampa Secolo XIX e AdnKronos - Il Mondo di Adriano\",\"isPartOf\":{\"@id\":\"https:\/\/ilmondodiadriano.it\/eng\/#website\"},\"primaryImageOfPage\":{\"@id\":\"https:\/\/ilmondodiadriano.it\/eng\/2012\/02\/20\/rassegna-stampa-secolo-xix-e-adnkronos\/#primaryimage\"},\"image\":{\"@id\":\"https:\/\/ilmondodiadriano.it\/eng\/2012\/02\/20\/rassegna-stampa-secolo-xix-e-adnkronos\/#primaryimage\"},\"thumbnailUrl\":\"https:\/\/ilmondodiadriano.it\/eng\/wp-content\/uploads\/2012\/02\/8946748278_8fb6f8f667.jpg\",\"datePublished\":\"2012-02-20T17:05:24+00:00\",\"dateModified\":\"2016-09-29T20:30:27+00:00\",\"author\":{\"@id\":\"https:\/\/ilmondodiadriano.it\/eng\/#\/schema\/person\/17e1d2baeb91b2eaca79e823e1071a37\"},\"breadcrumb\":{\"@id\":\"https:\/\/ilmondodiadriano.it\/eng\/2012\/02\/20\/rassegna-stampa-secolo-xix-e-adnkronos\/#breadcrumb\"},\"inLanguage\":\"en-US\",\"potentialAction\":[{\"@type\":\"ReadAction\",\"target\":[\"https:\/\/ilmondodiadriano.it\/eng\/2012\/02\/20\/rassegna-stampa-secolo-xix-e-adnkronos\/\"]}]},{\"@type\":\"ImageObject\",\"inLanguage\":\"en-US\",\"@id\":\"https:\/\/ilmondodiadriano.it\/eng\/2012\/02\/20\/rassegna-stampa-secolo-xix-e-adnkronos\/#primaryimage\",\"url\":\"https:\/\/ilmondodiadriano.it\/eng\/wp-content\/uploads\/2012\/02\/8946748278_8fb6f8f667.jpg\",\"contentUrl\":\"https:\/\/ilmondodiadriano.it\/eng\/wp-content\/uploads\/2012\/02\/8946748278_8fb6f8f667.jpg\",\"width\":494,\"height\":332},{\"@type\":\"BreadcrumbList\",\"@id\":\"https:\/\/ilmondodiadriano.it\/eng\/2012\/02\/20\/rassegna-stampa-secolo-xix-e-adnkronos\/#breadcrumb\",\"itemListElement\":[{\"@type\":\"ListItem\",\"position\":1,\"name\":\"Home\",\"item\":\"https:\/\/ilmondodiadriano.it\/eng\/\"},{\"@type\":\"ListItem\",\"position\":2,\"name\":\"Rassegna stampa Secolo XIX e AdnKronos\"}]},{\"@type\":\"WebSite\",\"@id\":\"https:\/\/ilmondodiadriano.it\/eng\/#website\",\"url\":\"https:\/\/ilmondodiadriano.it\/eng\/\",\"name\":\"Il Mondo di Adriano\",\"description\":\"The official Adriano Celentano website\",\"potentialAction\":[{\"@type\":\"SearchAction\",\"target\":{\"@type\":\"EntryPoint\",\"urlTemplate\":\"https:\/\/ilmondodiadriano.it\/eng\/?s={search_term_string}\"},\"query-input\":{\"@type\":\"PropertyValueSpecification\",\"valueRequired\":true,\"valueName\":\"search_term_string\"}}],\"inLanguage\":\"en-US\"},{\"@type\":\"Person\",\"@id\":\"https:\/\/ilmondodiadriano.it\/eng\/#\/schema\/person\/17e1d2baeb91b2eaca79e823e1071a37\",\"name\":\"ac\",\"image\":{\"@type\":\"ImageObject\",\"inLanguage\":\"en-US\",\"@id\":\"https:\/\/ilmondodiadriano.it\/eng\/#\/schema\/person\/image\/\",\"url\":\"https:\/\/secure.gravatar.com\/avatar\/21349271868ddc52cdfe3be60c0f62e4?s=96&d=mm&r=g\",\"contentUrl\":\"https:\/\/secure.gravatar.com\/avatar\/21349271868ddc52cdfe3be60c0f62e4?s=96&d=mm&r=g\",\"caption\":\"ac\"},\"url\":\"https:\/\/ilmondodiadriano.it\/eng\/author\/ac\/\"}]}<\/script>\n<!-- \/ Yoast SEO plugin. -->","yoast_head_json":{"title":"Rassegna stampa Secolo XIX e AdnKronos - Il Mondo di Adriano","robots":{"index":"index","follow":"follow","max-snippet":"max-snippet:-1","max-image-preview":"max-image-preview:large","max-video-preview":"max-video-preview:-1"},"canonical":"https:\/\/ilmondodiadriano.it\/eng\/2012\/02\/20\/rassegna-stampa-secolo-xix-e-adnkronos\/","og_locale":"en_US","og_type":"article","og_title":"Rassegna stampa Secolo XIX e AdnKronos - Il Mondo di Adriano","og_description":"Dal SECOLO XIX 20.02.2012 Intervista a Vito Mancuso E il teologo si schiera: &#8220;Sono d&#8217;accordo con Adriano&#8221; L&#8217;intelletuale cattolico spiega: &#8220;Difficile dargli torto, quando dice che i preti devono occuparsi di pi\u00f9 del paradiso e della vita eterna e meno di politica&#8221;. Vedrete che tra qualche giorno nessuno si ricorder\u00e0 pi\u00f9 le parole di Celentano. [&hellip;]","og_url":"https:\/\/ilmondodiadriano.it\/eng\/2012\/02\/20\/rassegna-stampa-secolo-xix-e-adnkronos\/","og_site_name":"Il Mondo di Adriano","article_published_time":"2012-02-20T17:05:24+00:00","article_modified_time":"2016-09-29T20:30:27+00:00","og_image":[{"width":494,"height":332,"url":"https:\/\/ilmondodiadriano.it\/eng\/wp-content\/uploads\/2012\/02\/8946748278_8fb6f8f667.jpg","type":"image\/jpeg"}],"author":"ac","twitter_card":"summary_large_image","twitter_misc":{"Written by":"ac","Est. reading time":"3 minutes"},"schema":{"@context":"https:\/\/schema.org","@graph":[{"@type":"Article","@id":"https:\/\/ilmondodiadriano.it\/eng\/2012\/02\/20\/rassegna-stampa-secolo-xix-e-adnkronos\/#article","isPartOf":{"@id":"https:\/\/ilmondodiadriano.it\/eng\/2012\/02\/20\/rassegna-stampa-secolo-xix-e-adnkronos\/"},"author":{"name":"ac","@id":"https:\/\/ilmondodiadriano.it\/eng\/#\/schema\/person\/17e1d2baeb91b2eaca79e823e1071a37"},"headline":"Rassegna stampa Secolo XIX e AdnKronos","datePublished":"2012-02-20T17:05:24+00:00","dateModified":"2016-09-29T20:30:27+00:00","mainEntityOfPage":{"@id":"https:\/\/ilmondodiadriano.it\/eng\/2012\/02\/20\/rassegna-stampa-secolo-xix-e-adnkronos\/"},"wordCount":622,"image":{"@id":"https:\/\/ilmondodiadriano.it\/eng\/2012\/02\/20\/rassegna-stampa-secolo-xix-e-adnkronos\/#primaryimage"},"thumbnailUrl":"https:\/\/ilmondodiadriano.it\/eng\/wp-content\/uploads\/2012\/02\/8946748278_8fb6f8f667.jpg","articleSection":["Articolo"],"inLanguage":"en-US"},{"@type":"WebPage","@id":"https:\/\/ilmondodiadriano.it\/eng\/2012\/02\/20\/rassegna-stampa-secolo-xix-e-adnkronos\/","url":"https:\/\/ilmondodiadriano.it\/eng\/2012\/02\/20\/rassegna-stampa-secolo-xix-e-adnkronos\/","name":"Rassegna stampa Secolo XIX e AdnKronos - Il Mondo di Adriano","isPartOf":{"@id":"https:\/\/ilmondodiadriano.it\/eng\/#website"},"primaryImageOfPage":{"@id":"https:\/\/ilmondodiadriano.it\/eng\/2012\/02\/20\/rassegna-stampa-secolo-xix-e-adnkronos\/#primaryimage"},"image":{"@id":"https:\/\/ilmondodiadriano.it\/eng\/2012\/02\/20\/rassegna-stampa-secolo-xix-e-adnkronos\/#primaryimage"},"thumbnailUrl":"https:\/\/ilmondodiadriano.it\/eng\/wp-content\/uploads\/2012\/02\/8946748278_8fb6f8f667.jpg","datePublished":"2012-02-20T17:05:24+00:00","dateModified":"2016-09-29T20:30:27+00:00","author":{"@id":"https:\/\/ilmondodiadriano.it\/eng\/#\/schema\/person\/17e1d2baeb91b2eaca79e823e1071a37"},"breadcrumb":{"@id":"https:\/\/ilmondodiadriano.it\/eng\/2012\/02\/20\/rassegna-stampa-secolo-xix-e-adnkronos\/#breadcrumb"},"inLanguage":"en-US","potentialAction":[{"@type":"ReadAction","target":["https:\/\/ilmondodiadriano.it\/eng\/2012\/02\/20\/rassegna-stampa-secolo-xix-e-adnkronos\/"]}]},{"@type":"ImageObject","inLanguage":"en-US","@id":"https:\/\/ilmondodiadriano.it\/eng\/2012\/02\/20\/rassegna-stampa-secolo-xix-e-adnkronos\/#primaryimage","url":"https:\/\/ilmondodiadriano.it\/eng\/wp-content\/uploads\/2012\/02\/8946748278_8fb6f8f667.jpg","contentUrl":"https:\/\/ilmondodiadriano.it\/eng\/wp-content\/uploads\/2012\/02\/8946748278_8fb6f8f667.jpg","width":494,"height":332},{"@type":"BreadcrumbList","@id":"https:\/\/ilmondodiadriano.it\/eng\/2012\/02\/20\/rassegna-stampa-secolo-xix-e-adnkronos\/#breadcrumb","itemListElement":[{"@type":"ListItem","position":1,"name":"Home","item":"https:\/\/ilmondodiadriano.it\/eng\/"},{"@type":"ListItem","position":2,"name":"Rassegna stampa Secolo XIX e AdnKronos"}]},{"@type":"WebSite","@id":"https:\/\/ilmondodiadriano.it\/eng\/#website","url":"https:\/\/ilmondodiadriano.it\/eng\/","name":"Il Mondo di Adriano","description":"The official Adriano Celentano website","potentialAction":[{"@type":"SearchAction","target":{"@type":"EntryPoint","urlTemplate":"https:\/\/ilmondodiadriano.it\/eng\/?s={search_term_string}"},"query-input":{"@type":"PropertyValueSpecification","valueRequired":true,"valueName":"search_term_string"}}],"inLanguage":"en-US"},{"@type":"Person","@id":"https:\/\/ilmondodiadriano.it\/eng\/#\/schema\/person\/17e1d2baeb91b2eaca79e823e1071a37","name":"ac","image":{"@type":"ImageObject","inLanguage":"en-US","@id":"https:\/\/ilmondodiadriano.it\/eng\/#\/schema\/person\/image\/","url":"https:\/\/secure.gravatar.com\/avatar\/21349271868ddc52cdfe3be60c0f62e4?s=96&d=mm&r=g","contentUrl":"https:\/\/secure.gravatar.com\/avatar\/21349271868ddc52cdfe3be60c0f62e4?s=96&d=mm&r=g","caption":"ac"},"url":"https:\/\/ilmondodiadriano.it\/eng\/author\/ac\/"}]}},"_links":{"self":[{"href":"https:\/\/ilmondodiadriano.it\/eng\/wp-json\/wp\/v2\/posts\/1832","targetHints":{"allow":["GET"]}}],"collection":[{"href":"https:\/\/ilmondodiadriano.it\/eng\/wp-json\/wp\/v2\/posts"}],"about":[{"href":"https:\/\/ilmondodiadriano.it\/eng\/wp-json\/wp\/v2\/types\/post"}],"author":[{"embeddable":true,"href":"https:\/\/ilmondodiadriano.it\/eng\/wp-json\/wp\/v2\/users\/1"}],"replies":[{"embeddable":true,"href":"https:\/\/ilmondodiadriano.it\/eng\/wp-json\/wp\/v2\/comments?post=1832"}],"version-history":[{"count":3,"href":"https:\/\/ilmondodiadriano.it\/eng\/wp-json\/wp\/v2\/posts\/1832\/revisions"}],"predecessor-version":[{"id":7693,"href":"https:\/\/ilmondodiadriano.it\/eng\/wp-json\/wp\/v2\/posts\/1832\/revisions\/7693"}],"wp:featuredmedia":[{"embeddable":true,"href":"https:\/\/ilmondodiadriano.it\/eng\/wp-json\/wp\/v2\/media\/7688"}],"wp:attachment":[{"href":"https:\/\/ilmondodiadriano.it\/eng\/wp-json\/wp\/v2\/media?parent=1832"}],"wp:term":[{"taxonomy":"category","embeddable":true,"href":"https:\/\/ilmondodiadriano.it\/eng\/wp-json\/wp\/v2\/categories?post=1832"},{"taxonomy":"post_tag","embeddable":true,"href":"https:\/\/ilmondodiadriano.it\/eng\/wp-json\/wp\/v2\/tags?post=1832"}],"curies":[{"name":"wp","href":"https:\/\/api.w.org\/{rel}","templated":true}]}}