{"id":581,"date":"2013-08-21T19:40:56","date_gmt":"2013-08-21T17:40:56","guid":{"rendered":"https:\/\/ilmondodiadriano.it\/blog\/?p=581"},"modified":"2016-10-09T20:30:02","modified_gmt":"2016-10-09T18:30:02","slug":"la-vigliaccheria-dei-giornali","status":"publish","type":"post","link":"https:\/\/ilmondodiadriano.it\/eng\/2013\/08\/21\/la-vigliaccheria-dei-giornali\/","title":{"rendered":"La Vigliaccheria Dei Giornali"},"content":{"rendered":"<p>\u00c8 incredibile l&#8217;interessamento e l&#8217;apprensione di stampa e TG per la piccola frattura che mi sono causato al 5\u00b0 dito del piede. E nessuno, dico NESSUNO, ha sprecato una parola per la battaglia che da 10 giorni porto avanti sul &#8220;Fatto Quotidiano&#8221; contro le micidiali navi GIGANTI di Venezia. Cosa devo pensare? Che il mio &#8220;mignolo&#8221; \u00e8 molto pi\u00f9 importante della catastrofe a cui sta andando incontro la citt\u00e0 pi\u00f9 bella del mondo? Ma allora perch\u00e9 l&#8217;Unesco l&#8217;ha dichiarata &#8220;Patrimonio dell&#8217;Umanit\u00e0&#8221; e del mio &#8220;mignolo&#8221; ancora nessuna considerazione?<\/p>\n<p>Non dico tanto, due parole: &#8221; Adriano, da giorni impegnato in una forte campagna di denuncia contro lo SCEMPIO di Venezia, ieri sera si \u00e8 fratturato il dito mignolo del piede contro l&#8217;angolo di un divano&#8221;. Bastava che venisse riportato questo, e invece niente. Neanche di fronte alla morte del turista tedesco schiacciato da un vaporetto tre giorni fa. Per\u00f2 li capisco. Una citazione, per quanto piccola, sarebbe stata per gli altri giornali un danno enorme, perch\u00e9 li avrebbe costretti a menzionare il giornale concorrente che ha ospitato il mio sdegno contro i MOSTRI. E la regola dei quotidiani, che pi\u00f9 CRETINA non pu\u00f2 essere, dice che, pur trovandosi di fronte a una vicenda di importanza VITALE non se ne deve parlare, altrimenti si fa pubblicit\u00e0 al concorrente. Cosa importa se poi Venezia affonda. Ma io non mi fermer\u00f2, continuer\u00f2 a parlarne anche dovessi rompermi le altre nove dita.<\/p>\n<p>Adriano Celentano<\/p>\n","protected":false},"excerpt":{"rendered":"<p>\u00c8 incredibile l&#8217;interessamento e l&#8217;apprensione di stampa e TG per la piccola frattura che mi sono causato al 5\u00b0 dito del piede. E nessuno, dico NESSUNO, ha sprecato una parola per la battaglia che da 10 giorni porto avanti sul &#8220;Fatto Quotidiano&#8221; contro le micidiali navi GIGANTI di Venezia. Cosa devo pensare? Che il mio [&hellip;]<\/p>\n","protected":false},"author":1,"featured_media":7990,"comment_status":"closed","ping_status":"closed","sticky":false,"template":"","format":"standard","meta":{"footnotes":""},"categories":[1],"tags":[],"class_list":["post-581","post","type-post","status-publish","format-standard","has-post-thumbnail","hentry","category-l-articolo"],"yoast_head":"<!-- This site is optimized with the Yoast SEO plugin v26.8 - https:\/\/yoast.com\/product\/yoast-seo-wordpress\/ -->\n<title>La Vigliaccheria Dei Giornali - Il Mondo di Adriano<\/title>\n<meta name=\"robots\" content=\"index, follow, max-snippet:-1, max-image-preview:large, max-video-preview:-1\" \/>\n<link rel=\"canonical\" href=\"https:\/\/ilmondodiadriano.it\/eng\/2013\/08\/21\/la-vigliaccheria-dei-giornali\/\" \/>\n<meta property=\"og:locale\" content=\"en_US\" \/>\n<meta property=\"og:type\" content=\"article\" \/>\n<meta property=\"og:title\" content=\"La Vigliaccheria Dei Giornali - Il Mondo di Adriano\" \/>\n<meta property=\"og:description\" content=\"\u00c8 incredibile l&#8217;interessamento e l&#8217;apprensione di stampa e TG per la piccola frattura che mi sono causato al 5\u00b0 dito del piede. E nessuno, dico NESSUNO, ha sprecato una parola per la battaglia che da 10 giorni porto avanti sul &#8220;Fatto Quotidiano&#8221; contro le micidiali navi GIGANTI di Venezia. Cosa devo pensare? Che il mio [&hellip;]\" \/>\n<meta property=\"og:url\" content=\"https:\/\/ilmondodiadriano.it\/eng\/2013\/08\/21\/la-vigliaccheria-dei-giornali\/\" \/>\n<meta property=\"og:site_name\" content=\"Il Mondo di Adriano\" \/>\n<meta property=\"article:published_time\" content=\"2013-08-21T17:40:56+00:00\" \/>\n<meta property=\"article:modified_time\" content=\"2016-10-09T18:30:02+00:00\" \/>\n<meta property=\"og:image\" content=\"https:\/\/ilmondodiadriano.it\/eng\/wp-content\/uploads\/2016\/07\/Adrian-640.jpg\" \/>\n\t<meta property=\"og:image:width\" content=\"640\" \/>\n\t<meta property=\"og:image:height\" content=\"471\" \/>\n\t<meta property=\"og:image:type\" content=\"image\/jpeg\" \/>\n<meta name=\"author\" content=\"ac\" \/>\n<meta name=\"twitter:card\" content=\"summary_large_image\" \/>\n<meta name=\"twitter:label1\" content=\"Written by\" \/>\n\t<meta name=\"twitter:data1\" content=\"ac\" \/>\n\t<meta name=\"twitter:label2\" content=\"Est. reading time\" \/>\n\t<meta name=\"twitter:data2\" content=\"1 minute\" \/>\n<script type=\"application\/ld+json\" class=\"yoast-schema-graph\">{\"@context\":\"https:\/\/schema.org\",\"@graph\":[{\"@type\":\"Article\",\"@id\":\"https:\/\/ilmondodiadriano.it\/eng\/2013\/08\/21\/la-vigliaccheria-dei-giornali\/#article\",\"isPartOf\":{\"@id\":\"https:\/\/ilmondodiadriano.it\/eng\/2013\/08\/21\/la-vigliaccheria-dei-giornali\/\"},\"author\":{\"name\":\"ac\",\"@id\":\"https:\/\/ilmondodiadriano.it\/eng\/#\/schema\/person\/17e1d2baeb91b2eaca79e823e1071a37\"},\"headline\":\"La Vigliaccheria Dei Giornali\",\"datePublished\":\"2013-08-21T17:40:56+00:00\",\"dateModified\":\"2016-10-09T18:30:02+00:00\",\"mainEntityOfPage\":{\"@id\":\"https:\/\/ilmondodiadriano.it\/eng\/2013\/08\/21\/la-vigliaccheria-dei-giornali\/\"},\"wordCount\":237,\"image\":{\"@id\":\"https:\/\/ilmondodiadriano.it\/eng\/2013\/08\/21\/la-vigliaccheria-dei-giornali\/#primaryimage\"},\"thumbnailUrl\":\"https:\/\/ilmondodiadriano.it\/eng\/wp-content\/uploads\/2016\/07\/Adrian-640.jpg\",\"articleSection\":[\"Articolo\"],\"inLanguage\":\"en-US\"},{\"@type\":\"WebPage\",\"@id\":\"https:\/\/ilmondodiadriano.it\/eng\/2013\/08\/21\/la-vigliaccheria-dei-giornali\/\",\"url\":\"https:\/\/ilmondodiadriano.it\/eng\/2013\/08\/21\/la-vigliaccheria-dei-giornali\/\",\"name\":\"La Vigliaccheria Dei Giornali - Il Mondo di Adriano\",\"isPartOf\":{\"@id\":\"https:\/\/ilmondodiadriano.it\/eng\/#website\"},\"primaryImageOfPage\":{\"@id\":\"https:\/\/ilmondodiadriano.it\/eng\/2013\/08\/21\/la-vigliaccheria-dei-giornali\/#primaryimage\"},\"image\":{\"@id\":\"https:\/\/ilmondodiadriano.it\/eng\/2013\/08\/21\/la-vigliaccheria-dei-giornali\/#primaryimage\"},\"thumbnailUrl\":\"https:\/\/ilmondodiadriano.it\/eng\/wp-content\/uploads\/2016\/07\/Adrian-640.jpg\",\"datePublished\":\"2013-08-21T17:40:56+00:00\",\"dateModified\":\"2016-10-09T18:30:02+00:00\",\"author\":{\"@id\":\"https:\/\/ilmondodiadriano.it\/eng\/#\/schema\/person\/17e1d2baeb91b2eaca79e823e1071a37\"},\"breadcrumb\":{\"@id\":\"https:\/\/ilmondodiadriano.it\/eng\/2013\/08\/21\/la-vigliaccheria-dei-giornali\/#breadcrumb\"},\"inLanguage\":\"en-US\",\"potentialAction\":[{\"@type\":\"ReadAction\",\"target\":[\"https:\/\/ilmondodiadriano.it\/eng\/2013\/08\/21\/la-vigliaccheria-dei-giornali\/\"]}]},{\"@type\":\"ImageObject\",\"inLanguage\":\"en-US\",\"@id\":\"https:\/\/ilmondodiadriano.it\/eng\/2013\/08\/21\/la-vigliaccheria-dei-giornali\/#primaryimage\",\"url\":\"https:\/\/ilmondodiadriano.it\/eng\/wp-content\/uploads\/2016\/07\/Adrian-640.jpg\",\"contentUrl\":\"https:\/\/ilmondodiadriano.it\/eng\/wp-content\/uploads\/2016\/07\/Adrian-640.jpg\",\"width\":640,\"height\":471},{\"@type\":\"BreadcrumbList\",\"@id\":\"https:\/\/ilmondodiadriano.it\/eng\/2013\/08\/21\/la-vigliaccheria-dei-giornali\/#breadcrumb\",\"itemListElement\":[{\"@type\":\"ListItem\",\"position\":1,\"name\":\"Home\",\"item\":\"https:\/\/ilmondodiadriano.it\/eng\/\"},{\"@type\":\"ListItem\",\"position\":2,\"name\":\"La Vigliaccheria Dei Giornali\"}]},{\"@type\":\"WebSite\",\"@id\":\"https:\/\/ilmondodiadriano.it\/eng\/#website\",\"url\":\"https:\/\/ilmondodiadriano.it\/eng\/\",\"name\":\"Il Mondo di Adriano\",\"description\":\"The official Adriano Celentano website\",\"potentialAction\":[{\"@type\":\"SearchAction\",\"target\":{\"@type\":\"EntryPoint\",\"urlTemplate\":\"https:\/\/ilmondodiadriano.it\/eng\/?s={search_term_string}\"},\"query-input\":{\"@type\":\"PropertyValueSpecification\",\"valueRequired\":true,\"valueName\":\"search_term_string\"}}],\"inLanguage\":\"en-US\"},{\"@type\":\"Person\",\"@id\":\"https:\/\/ilmondodiadriano.it\/eng\/#\/schema\/person\/17e1d2baeb91b2eaca79e823e1071a37\",\"name\":\"ac\",\"image\":{\"@type\":\"ImageObject\",\"inLanguage\":\"en-US\",\"@id\":\"https:\/\/ilmondodiadriano.it\/eng\/#\/schema\/person\/image\/\",\"url\":\"https:\/\/secure.gravatar.com\/avatar\/21349271868ddc52cdfe3be60c0f62e4?s=96&d=mm&r=g\",\"contentUrl\":\"https:\/\/secure.gravatar.com\/avatar\/21349271868ddc52cdfe3be60c0f62e4?s=96&d=mm&r=g\",\"caption\":\"ac\"},\"url\":\"https:\/\/ilmondodiadriano.it\/eng\/author\/ac\/\"}]}<\/script>\n<!-- \/ Yoast SEO plugin. -->","yoast_head_json":{"title":"La Vigliaccheria Dei Giornali - Il Mondo di Adriano","robots":{"index":"index","follow":"follow","max-snippet":"max-snippet:-1","max-image-preview":"max-image-preview:large","max-video-preview":"max-video-preview:-1"},"canonical":"https:\/\/ilmondodiadriano.it\/eng\/2013\/08\/21\/la-vigliaccheria-dei-giornali\/","og_locale":"en_US","og_type":"article","og_title":"La Vigliaccheria Dei Giornali - Il Mondo di Adriano","og_description":"\u00c8 incredibile l&#8217;interessamento e l&#8217;apprensione di stampa e TG per la piccola frattura che mi sono causato al 5\u00b0 dito del piede. E nessuno, dico NESSUNO, ha sprecato una parola per la battaglia che da 10 giorni porto avanti sul &#8220;Fatto Quotidiano&#8221; contro le micidiali navi GIGANTI di Venezia. Cosa devo pensare? Che il mio [&hellip;]","og_url":"https:\/\/ilmondodiadriano.it\/eng\/2013\/08\/21\/la-vigliaccheria-dei-giornali\/","og_site_name":"Il Mondo di Adriano","article_published_time":"2013-08-21T17:40:56+00:00","article_modified_time":"2016-10-09T18:30:02+00:00","og_image":[{"width":640,"height":471,"url":"https:\/\/ilmondodiadriano.it\/eng\/wp-content\/uploads\/2016\/07\/Adrian-640.jpg","type":"image\/jpeg"}],"author":"ac","twitter_card":"summary_large_image","twitter_misc":{"Written by":"ac","Est. reading time":"1 minute"},"schema":{"@context":"https:\/\/schema.org","@graph":[{"@type":"Article","@id":"https:\/\/ilmondodiadriano.it\/eng\/2013\/08\/21\/la-vigliaccheria-dei-giornali\/#article","isPartOf":{"@id":"https:\/\/ilmondodiadriano.it\/eng\/2013\/08\/21\/la-vigliaccheria-dei-giornali\/"},"author":{"name":"ac","@id":"https:\/\/ilmondodiadriano.it\/eng\/#\/schema\/person\/17e1d2baeb91b2eaca79e823e1071a37"},"headline":"La Vigliaccheria Dei Giornali","datePublished":"2013-08-21T17:40:56+00:00","dateModified":"2016-10-09T18:30:02+00:00","mainEntityOfPage":{"@id":"https:\/\/ilmondodiadriano.it\/eng\/2013\/08\/21\/la-vigliaccheria-dei-giornali\/"},"wordCount":237,"image":{"@id":"https:\/\/ilmondodiadriano.it\/eng\/2013\/08\/21\/la-vigliaccheria-dei-giornali\/#primaryimage"},"thumbnailUrl":"https:\/\/ilmondodiadriano.it\/eng\/wp-content\/uploads\/2016\/07\/Adrian-640.jpg","articleSection":["Articolo"],"inLanguage":"en-US"},{"@type":"WebPage","@id":"https:\/\/ilmondodiadriano.it\/eng\/2013\/08\/21\/la-vigliaccheria-dei-giornali\/","url":"https:\/\/ilmondodiadriano.it\/eng\/2013\/08\/21\/la-vigliaccheria-dei-giornali\/","name":"La Vigliaccheria Dei Giornali - Il Mondo di Adriano","isPartOf":{"@id":"https:\/\/ilmondodiadriano.it\/eng\/#website"},"primaryImageOfPage":{"@id":"https:\/\/ilmondodiadriano.it\/eng\/2013\/08\/21\/la-vigliaccheria-dei-giornali\/#primaryimage"},"image":{"@id":"https:\/\/ilmondodiadriano.it\/eng\/2013\/08\/21\/la-vigliaccheria-dei-giornali\/#primaryimage"},"thumbnailUrl":"https:\/\/ilmondodiadriano.it\/eng\/wp-content\/uploads\/2016\/07\/Adrian-640.jpg","datePublished":"2013-08-21T17:40:56+00:00","dateModified":"2016-10-09T18:30:02+00:00","author":{"@id":"https:\/\/ilmondodiadriano.it\/eng\/#\/schema\/person\/17e1d2baeb91b2eaca79e823e1071a37"},"breadcrumb":{"@id":"https:\/\/ilmondodiadriano.it\/eng\/2013\/08\/21\/la-vigliaccheria-dei-giornali\/#breadcrumb"},"inLanguage":"en-US","potentialAction":[{"@type":"ReadAction","target":["https:\/\/ilmondodiadriano.it\/eng\/2013\/08\/21\/la-vigliaccheria-dei-giornali\/"]}]},{"@type":"ImageObject","inLanguage":"en-US","@id":"https:\/\/ilmondodiadriano.it\/eng\/2013\/08\/21\/la-vigliaccheria-dei-giornali\/#primaryimage","url":"https:\/\/ilmondodiadriano.it\/eng\/wp-content\/uploads\/2016\/07\/Adrian-640.jpg","contentUrl":"https:\/\/ilmondodiadriano.it\/eng\/wp-content\/uploads\/2016\/07\/Adrian-640.jpg","width":640,"height":471},{"@type":"BreadcrumbList","@id":"https:\/\/ilmondodiadriano.it\/eng\/2013\/08\/21\/la-vigliaccheria-dei-giornali\/#breadcrumb","itemListElement":[{"@type":"ListItem","position":1,"name":"Home","item":"https:\/\/ilmondodiadriano.it\/eng\/"},{"@type":"ListItem","position":2,"name":"La Vigliaccheria Dei Giornali"}]},{"@type":"WebSite","@id":"https:\/\/ilmondodiadriano.it\/eng\/#website","url":"https:\/\/ilmondodiadriano.it\/eng\/","name":"Il Mondo di Adriano","description":"The official Adriano Celentano website","potentialAction":[{"@type":"SearchAction","target":{"@type":"EntryPoint","urlTemplate":"https:\/\/ilmondodiadriano.it\/eng\/?s={search_term_string}"},"query-input":{"@type":"PropertyValueSpecification","valueRequired":true,"valueName":"search_term_string"}}],"inLanguage":"en-US"},{"@type":"Person","@id":"https:\/\/ilmondodiadriano.it\/eng\/#\/schema\/person\/17e1d2baeb91b2eaca79e823e1071a37","name":"ac","image":{"@type":"ImageObject","inLanguage":"en-US","@id":"https:\/\/ilmondodiadriano.it\/eng\/#\/schema\/person\/image\/","url":"https:\/\/secure.gravatar.com\/avatar\/21349271868ddc52cdfe3be60c0f62e4?s=96&d=mm&r=g","contentUrl":"https:\/\/secure.gravatar.com\/avatar\/21349271868ddc52cdfe3be60c0f62e4?s=96&d=mm&r=g","caption":"ac"},"url":"https:\/\/ilmondodiadriano.it\/eng\/author\/ac\/"}]}},"_links":{"self":[{"href":"https:\/\/ilmondodiadriano.it\/eng\/wp-json\/wp\/v2\/posts\/581","targetHints":{"allow":["GET"]}}],"collection":[{"href":"https:\/\/ilmondodiadriano.it\/eng\/wp-json\/wp\/v2\/posts"}],"about":[{"href":"https:\/\/ilmondodiadriano.it\/eng\/wp-json\/wp\/v2\/types\/post"}],"author":[{"embeddable":true,"href":"https:\/\/ilmondodiadriano.it\/eng\/wp-json\/wp\/v2\/users\/1"}],"replies":[{"embeddable":true,"href":"https:\/\/ilmondodiadriano.it\/eng\/wp-json\/wp\/v2\/comments?post=581"}],"version-history":[{"count":5,"href":"https:\/\/ilmondodiadriano.it\/eng\/wp-json\/wp\/v2\/posts\/581\/revisions"}],"predecessor-version":[{"id":7337,"href":"https:\/\/ilmondodiadriano.it\/eng\/wp-json\/wp\/v2\/posts\/581\/revisions\/7337"}],"wp:featuredmedia":[{"embeddable":true,"href":"https:\/\/ilmondodiadriano.it\/eng\/wp-json\/wp\/v2\/media\/7990"}],"wp:attachment":[{"href":"https:\/\/ilmondodiadriano.it\/eng\/wp-json\/wp\/v2\/media?parent=581"}],"wp:term":[{"taxonomy":"category","embeddable":true,"href":"https:\/\/ilmondodiadriano.it\/eng\/wp-json\/wp\/v2\/categories?post=581"},{"taxonomy":"post_tag","embeddable":true,"href":"https:\/\/ilmondodiadriano.it\/eng\/wp-json\/wp\/v2\/tags?post=581"}],"curies":[{"name":"wp","href":"https:\/\/api.w.org\/{rel}","templated":true}]}}