{"id":771,"date":"2014-10-02T16:41:08","date_gmt":"2014-10-02T14:41:08","guid":{"rendered":"https:\/\/ilmondodiadriano.it\/blog\/?p=771"},"modified":"2016-10-09T20:25:10","modified_gmt":"2016-10-09T18:25:10","slug":"caro-presidente-napolitano","status":"publish","type":"post","link":"https:\/\/ilmondodiadriano.it\/eng\/2014\/10\/02\/caro-presidente-napolitano\/","title":{"rendered":"Caro Presidente Napolitano"},"content":{"rendered":"<p>Caro Presidente Napolitano, mi scusi, se con tutti i grattacapi che immagino lei abbia, anch&#8217;io mi accodo con una richiesta di grazia per Fabrizio Corona. Pensi che io non l&#8217;ho mai conosciuto, ma ho seguito le sue vicissitudini attraverso i giornali e la televisione. E ogni volta, quando lo vedevo e lo sentivo parlare, avvertivo come un qualcosa che spaccava in parti uguali due sentimenti fra di loro contrastanti: da un lato mi irritava la sua spavalderia nell&#8217;ostentare tanta sicurezza, dall&#8217;altro avvertivo un senso di profonda tenerezza come chi, bisognoso di affetto, improvvisamente si rendesse conto di quanto grande fosse il sacrificio che lo attendeva per aver rincorso una ribalta attraverso il gioco di una carta sbagliata: di uomo forte, rude, che deve piacere alle donne e che non piange mai, neanche quando il giudice lo condanna, perch\u00e9 fotografi e giornalisti sono l\u00e0 pronti a immortalare la lacrima che invece lo salverebbe da una pena cos\u00ec eccessiva.<\/p>\n<p>Capisco che il giudice applichi la legge, ma ci\u00f2 che non capisco \u00e8\u00a0perch\u00e9 la applica quando vuole lui. Lei signor Presidente, lo sa meglio di me: i criminali veri sono tanti, e non si contano quelli che in galera passano molti meno giorni di quanti ne ha gi\u00e0 passati l&#8217;esuberante Fotografo. Certo, lui ha sbagliato come ognuno di noi, chi pi\u00f9 e chi meno sbaglia, probabilmente anche a Lei sar\u00e0 capitato. Quando si \u00e8\u00a0giovani \u00e8\u00a0facile farsi prendere dalla voglia di arrivismo, anch&#8217;io ne sono stato pi\u00f9 volte sfiorato, e quando accade si sbaglia SEMPRE. E forse \u00e8\u00a0proprio perch\u00e9 anch&#8217;io devo aver sbagliato che Le chiedo, solo per pochi attimi, di calarsi nella sofferenza di chi sta pagando anche con la salute un prezzo spropositato rispetto agli errori commessi. E che, se proprio vogliamo addentrarci in quella che secondo i giudici sarebbe la parte pi\u00f9 scabrosa da cui nasce la furia di tale condanna, a ben guardare Corona non ha fatto n\u00e9 pi\u00f9 n\u00e9 meno ci\u00f2 che fanno tutti quelli che chiamano &#8220;Paparazzi&#8221;: &#8220;l&#8217;incriminato&#8221; si apposta, fotografa Trezeguet con una donna che non \u00e8\u00a0la moglie. Anzich\u00e9 proporre lo scandalo ai giornali (come fanno tutti) lui, il Re dei paparazzi, ha un&#8217;idea diversa. Va dal calciatore e gli dice: &#8220;ti ho beccato con una donna che non \u00e8\u00a0tua moglie, se vuoi, il servizio lo posso vendere a te anzich\u00e9 ai giornali&#8221;. Trezeguet, che non \u00e8 scemo, intuisce la convenienza dell&#8217;affare e accetta, come del resto avrebbero fatto tutti compreso il sottoscritto. E non mi meraviglierei se insieme al pagamento di 25mila Euro il Calciatore avesse espresso &#8220;all&#8217;esuberante&#8221; una certa riconoscenza per la genialit\u00e0 di aver conseguito un&#8217;opera di ONESTA&#8217; in ci\u00f2 che, secondo i giudici, sarebbe il male dei paparazzi. Per cui tutti in galera tranne Corona, che pur sotto pagamento ha evitato uno scandalo in famiglia.<\/p>\n<p>Signor Presidente, a Lei che \u00e8\u00a0nella condizione di aggiustare i passi di coloro che sbagliano, chiedo solo un po&#8217; di piet\u00e0\u00a0e di concedere la grazia a quel Ragazzo che &#8220;nel male ha agito bene&#8221;, come disse Ges\u00f9. Infierire significherebbe assistere alla stupida amputazione di un&#8217;Anima che sta per RISORGERE.<\/p>\n<p>Caro Presidente la ringrazio!<br \/>\n&gt;Adriano Celentano<\/p>\n","protected":false},"excerpt":{"rendered":"<p>Caro Presidente Napolitano, mi scusi, se con tutti i grattacapi che immagino lei abbia, anch&#8217;io mi accodo con una richiesta di grazia per Fabrizio Corona. Pensi che io non l&#8217;ho mai conosciuto, ma ho seguito le sue vicissitudini attraverso i giornali e la televisione. E ogni volta, quando lo vedevo e lo sentivo parlare, avvertivo [&hellip;]<\/p>\n","protected":false},"author":1,"featured_media":7990,"comment_status":"closed","ping_status":"closed","sticky":false,"template":"","format":"standard","meta":{"footnotes":""},"categories":[1],"tags":[],"class_list":["post-771","post","type-post","status-publish","format-standard","has-post-thumbnail","hentry","category-l-articolo"],"yoast_head":"<!-- This site is optimized with the Yoast SEO plugin v26.8 - https:\/\/yoast.com\/product\/yoast-seo-wordpress\/ -->\n<title>Caro Presidente Napolitano - Il Mondo di Adriano<\/title>\n<meta name=\"robots\" content=\"index, follow, max-snippet:-1, max-image-preview:large, max-video-preview:-1\" \/>\n<link rel=\"canonical\" href=\"https:\/\/ilmondodiadriano.it\/eng\/2014\/10\/02\/caro-presidente-napolitano\/\" \/>\n<meta property=\"og:locale\" content=\"en_US\" \/>\n<meta property=\"og:type\" content=\"article\" \/>\n<meta property=\"og:title\" content=\"Caro Presidente Napolitano - Il Mondo di Adriano\" \/>\n<meta property=\"og:description\" content=\"Caro Presidente Napolitano, mi scusi, se con tutti i grattacapi che immagino lei abbia, anch&#8217;io mi accodo con una richiesta di grazia per Fabrizio Corona. Pensi che io non l&#8217;ho mai conosciuto, ma ho seguito le sue vicissitudini attraverso i giornali e la televisione. E ogni volta, quando lo vedevo e lo sentivo parlare, avvertivo [&hellip;]\" \/>\n<meta property=\"og:url\" content=\"https:\/\/ilmondodiadriano.it\/eng\/2014\/10\/02\/caro-presidente-napolitano\/\" \/>\n<meta property=\"og:site_name\" content=\"Il Mondo di Adriano\" \/>\n<meta property=\"article:published_time\" content=\"2014-10-02T14:41:08+00:00\" \/>\n<meta property=\"article:modified_time\" content=\"2016-10-09T18:25:10+00:00\" \/>\n<meta property=\"og:image\" content=\"https:\/\/ilmondodiadriano.it\/eng\/wp-content\/uploads\/2016\/07\/Adrian-640.jpg\" \/>\n\t<meta property=\"og:image:width\" content=\"640\" \/>\n\t<meta property=\"og:image:height\" content=\"471\" \/>\n\t<meta property=\"og:image:type\" content=\"image\/jpeg\" \/>\n<meta name=\"author\" content=\"ac\" \/>\n<meta name=\"twitter:card\" content=\"summary_large_image\" \/>\n<meta name=\"twitter:label1\" content=\"Written by\" \/>\n\t<meta name=\"twitter:data1\" content=\"ac\" \/>\n\t<meta name=\"twitter:label2\" content=\"Est. reading time\" \/>\n\t<meta name=\"twitter:data2\" content=\"3 minutes\" \/>\n<script type=\"application\/ld+json\" class=\"yoast-schema-graph\">{\"@context\":\"https:\/\/schema.org\",\"@graph\":[{\"@type\":\"Article\",\"@id\":\"https:\/\/ilmondodiadriano.it\/eng\/2014\/10\/02\/caro-presidente-napolitano\/#article\",\"isPartOf\":{\"@id\":\"https:\/\/ilmondodiadriano.it\/eng\/2014\/10\/02\/caro-presidente-napolitano\/\"},\"author\":{\"name\":\"ac\",\"@id\":\"https:\/\/ilmondodiadriano.it\/eng\/#\/schema\/person\/17e1d2baeb91b2eaca79e823e1071a37\"},\"headline\":\"Caro Presidente Napolitano\",\"datePublished\":\"2014-10-02T14:41:08+00:00\",\"dateModified\":\"2016-10-09T18:25:10+00:00\",\"mainEntityOfPage\":{\"@id\":\"https:\/\/ilmondodiadriano.it\/eng\/2014\/10\/02\/caro-presidente-napolitano\/\"},\"wordCount\":521,\"image\":{\"@id\":\"https:\/\/ilmondodiadriano.it\/eng\/2014\/10\/02\/caro-presidente-napolitano\/#primaryimage\"},\"thumbnailUrl\":\"https:\/\/ilmondodiadriano.it\/eng\/wp-content\/uploads\/2016\/07\/Adrian-640.jpg\",\"articleSection\":[\"Articolo\"],\"inLanguage\":\"en-US\"},{\"@type\":\"WebPage\",\"@id\":\"https:\/\/ilmondodiadriano.it\/eng\/2014\/10\/02\/caro-presidente-napolitano\/\",\"url\":\"https:\/\/ilmondodiadriano.it\/eng\/2014\/10\/02\/caro-presidente-napolitano\/\",\"name\":\"Caro Presidente Napolitano - Il Mondo di Adriano\",\"isPartOf\":{\"@id\":\"https:\/\/ilmondodiadriano.it\/eng\/#website\"},\"primaryImageOfPage\":{\"@id\":\"https:\/\/ilmondodiadriano.it\/eng\/2014\/10\/02\/caro-presidente-napolitano\/#primaryimage\"},\"image\":{\"@id\":\"https:\/\/ilmondodiadriano.it\/eng\/2014\/10\/02\/caro-presidente-napolitano\/#primaryimage\"},\"thumbnailUrl\":\"https:\/\/ilmondodiadriano.it\/eng\/wp-content\/uploads\/2016\/07\/Adrian-640.jpg\",\"datePublished\":\"2014-10-02T14:41:08+00:00\",\"dateModified\":\"2016-10-09T18:25:10+00:00\",\"author\":{\"@id\":\"https:\/\/ilmondodiadriano.it\/eng\/#\/schema\/person\/17e1d2baeb91b2eaca79e823e1071a37\"},\"breadcrumb\":{\"@id\":\"https:\/\/ilmondodiadriano.it\/eng\/2014\/10\/02\/caro-presidente-napolitano\/#breadcrumb\"},\"inLanguage\":\"en-US\",\"potentialAction\":[{\"@type\":\"ReadAction\",\"target\":[\"https:\/\/ilmondodiadriano.it\/eng\/2014\/10\/02\/caro-presidente-napolitano\/\"]}]},{\"@type\":\"ImageObject\",\"inLanguage\":\"en-US\",\"@id\":\"https:\/\/ilmondodiadriano.it\/eng\/2014\/10\/02\/caro-presidente-napolitano\/#primaryimage\",\"url\":\"https:\/\/ilmondodiadriano.it\/eng\/wp-content\/uploads\/2016\/07\/Adrian-640.jpg\",\"contentUrl\":\"https:\/\/ilmondodiadriano.it\/eng\/wp-content\/uploads\/2016\/07\/Adrian-640.jpg\",\"width\":640,\"height\":471},{\"@type\":\"BreadcrumbList\",\"@id\":\"https:\/\/ilmondodiadriano.it\/eng\/2014\/10\/02\/caro-presidente-napolitano\/#breadcrumb\",\"itemListElement\":[{\"@type\":\"ListItem\",\"position\":1,\"name\":\"Home\",\"item\":\"https:\/\/ilmondodiadriano.it\/eng\/\"},{\"@type\":\"ListItem\",\"position\":2,\"name\":\"Caro Presidente Napolitano\"}]},{\"@type\":\"WebSite\",\"@id\":\"https:\/\/ilmondodiadriano.it\/eng\/#website\",\"url\":\"https:\/\/ilmondodiadriano.it\/eng\/\",\"name\":\"Il Mondo di Adriano\",\"description\":\"The official Adriano Celentano website\",\"potentialAction\":[{\"@type\":\"SearchAction\",\"target\":{\"@type\":\"EntryPoint\",\"urlTemplate\":\"https:\/\/ilmondodiadriano.it\/eng\/?s={search_term_string}\"},\"query-input\":{\"@type\":\"PropertyValueSpecification\",\"valueRequired\":true,\"valueName\":\"search_term_string\"}}],\"inLanguage\":\"en-US\"},{\"@type\":\"Person\",\"@id\":\"https:\/\/ilmondodiadriano.it\/eng\/#\/schema\/person\/17e1d2baeb91b2eaca79e823e1071a37\",\"name\":\"ac\",\"image\":{\"@type\":\"ImageObject\",\"inLanguage\":\"en-US\",\"@id\":\"https:\/\/ilmondodiadriano.it\/eng\/#\/schema\/person\/image\/\",\"url\":\"https:\/\/secure.gravatar.com\/avatar\/21349271868ddc52cdfe3be60c0f62e4?s=96&d=mm&r=g\",\"contentUrl\":\"https:\/\/secure.gravatar.com\/avatar\/21349271868ddc52cdfe3be60c0f62e4?s=96&d=mm&r=g\",\"caption\":\"ac\"},\"url\":\"https:\/\/ilmondodiadriano.it\/eng\/author\/ac\/\"}]}<\/script>\n<!-- \/ Yoast SEO plugin. -->","yoast_head_json":{"title":"Caro Presidente Napolitano - Il Mondo di Adriano","robots":{"index":"index","follow":"follow","max-snippet":"max-snippet:-1","max-image-preview":"max-image-preview:large","max-video-preview":"max-video-preview:-1"},"canonical":"https:\/\/ilmondodiadriano.it\/eng\/2014\/10\/02\/caro-presidente-napolitano\/","og_locale":"en_US","og_type":"article","og_title":"Caro Presidente Napolitano - Il Mondo di Adriano","og_description":"Caro Presidente Napolitano, mi scusi, se con tutti i grattacapi che immagino lei abbia, anch&#8217;io mi accodo con una richiesta di grazia per Fabrizio Corona. Pensi che io non l&#8217;ho mai conosciuto, ma ho seguito le sue vicissitudini attraverso i giornali e la televisione. E ogni volta, quando lo vedevo e lo sentivo parlare, avvertivo [&hellip;]","og_url":"https:\/\/ilmondodiadriano.it\/eng\/2014\/10\/02\/caro-presidente-napolitano\/","og_site_name":"Il Mondo di Adriano","article_published_time":"2014-10-02T14:41:08+00:00","article_modified_time":"2016-10-09T18:25:10+00:00","og_image":[{"width":640,"height":471,"url":"https:\/\/ilmondodiadriano.it\/eng\/wp-content\/uploads\/2016\/07\/Adrian-640.jpg","type":"image\/jpeg"}],"author":"ac","twitter_card":"summary_large_image","twitter_misc":{"Written by":"ac","Est. reading time":"3 minutes"},"schema":{"@context":"https:\/\/schema.org","@graph":[{"@type":"Article","@id":"https:\/\/ilmondodiadriano.it\/eng\/2014\/10\/02\/caro-presidente-napolitano\/#article","isPartOf":{"@id":"https:\/\/ilmondodiadriano.it\/eng\/2014\/10\/02\/caro-presidente-napolitano\/"},"author":{"name":"ac","@id":"https:\/\/ilmondodiadriano.it\/eng\/#\/schema\/person\/17e1d2baeb91b2eaca79e823e1071a37"},"headline":"Caro Presidente Napolitano","datePublished":"2014-10-02T14:41:08+00:00","dateModified":"2016-10-09T18:25:10+00:00","mainEntityOfPage":{"@id":"https:\/\/ilmondodiadriano.it\/eng\/2014\/10\/02\/caro-presidente-napolitano\/"},"wordCount":521,"image":{"@id":"https:\/\/ilmondodiadriano.it\/eng\/2014\/10\/02\/caro-presidente-napolitano\/#primaryimage"},"thumbnailUrl":"https:\/\/ilmondodiadriano.it\/eng\/wp-content\/uploads\/2016\/07\/Adrian-640.jpg","articleSection":["Articolo"],"inLanguage":"en-US"},{"@type":"WebPage","@id":"https:\/\/ilmondodiadriano.it\/eng\/2014\/10\/02\/caro-presidente-napolitano\/","url":"https:\/\/ilmondodiadriano.it\/eng\/2014\/10\/02\/caro-presidente-napolitano\/","name":"Caro Presidente Napolitano - Il Mondo di Adriano","isPartOf":{"@id":"https:\/\/ilmondodiadriano.it\/eng\/#website"},"primaryImageOfPage":{"@id":"https:\/\/ilmondodiadriano.it\/eng\/2014\/10\/02\/caro-presidente-napolitano\/#primaryimage"},"image":{"@id":"https:\/\/ilmondodiadriano.it\/eng\/2014\/10\/02\/caro-presidente-napolitano\/#primaryimage"},"thumbnailUrl":"https:\/\/ilmondodiadriano.it\/eng\/wp-content\/uploads\/2016\/07\/Adrian-640.jpg","datePublished":"2014-10-02T14:41:08+00:00","dateModified":"2016-10-09T18:25:10+00:00","author":{"@id":"https:\/\/ilmondodiadriano.it\/eng\/#\/schema\/person\/17e1d2baeb91b2eaca79e823e1071a37"},"breadcrumb":{"@id":"https:\/\/ilmondodiadriano.it\/eng\/2014\/10\/02\/caro-presidente-napolitano\/#breadcrumb"},"inLanguage":"en-US","potentialAction":[{"@type":"ReadAction","target":["https:\/\/ilmondodiadriano.it\/eng\/2014\/10\/02\/caro-presidente-napolitano\/"]}]},{"@type":"ImageObject","inLanguage":"en-US","@id":"https:\/\/ilmondodiadriano.it\/eng\/2014\/10\/02\/caro-presidente-napolitano\/#primaryimage","url":"https:\/\/ilmondodiadriano.it\/eng\/wp-content\/uploads\/2016\/07\/Adrian-640.jpg","contentUrl":"https:\/\/ilmondodiadriano.it\/eng\/wp-content\/uploads\/2016\/07\/Adrian-640.jpg","width":640,"height":471},{"@type":"BreadcrumbList","@id":"https:\/\/ilmondodiadriano.it\/eng\/2014\/10\/02\/caro-presidente-napolitano\/#breadcrumb","itemListElement":[{"@type":"ListItem","position":1,"name":"Home","item":"https:\/\/ilmondodiadriano.it\/eng\/"},{"@type":"ListItem","position":2,"name":"Caro Presidente Napolitano"}]},{"@type":"WebSite","@id":"https:\/\/ilmondodiadriano.it\/eng\/#website","url":"https:\/\/ilmondodiadriano.it\/eng\/","name":"Il Mondo di Adriano","description":"The official Adriano Celentano website","potentialAction":[{"@type":"SearchAction","target":{"@type":"EntryPoint","urlTemplate":"https:\/\/ilmondodiadriano.it\/eng\/?s={search_term_string}"},"query-input":{"@type":"PropertyValueSpecification","valueRequired":true,"valueName":"search_term_string"}}],"inLanguage":"en-US"},{"@type":"Person","@id":"https:\/\/ilmondodiadriano.it\/eng\/#\/schema\/person\/17e1d2baeb91b2eaca79e823e1071a37","name":"ac","image":{"@type":"ImageObject","inLanguage":"en-US","@id":"https:\/\/ilmondodiadriano.it\/eng\/#\/schema\/person\/image\/","url":"https:\/\/secure.gravatar.com\/avatar\/21349271868ddc52cdfe3be60c0f62e4?s=96&d=mm&r=g","contentUrl":"https:\/\/secure.gravatar.com\/avatar\/21349271868ddc52cdfe3be60c0f62e4?s=96&d=mm&r=g","caption":"ac"},"url":"https:\/\/ilmondodiadriano.it\/eng\/author\/ac\/"}]}},"_links":{"self":[{"href":"https:\/\/ilmondodiadriano.it\/eng\/wp-json\/wp\/v2\/posts\/771","targetHints":{"allow":["GET"]}}],"collection":[{"href":"https:\/\/ilmondodiadriano.it\/eng\/wp-json\/wp\/v2\/posts"}],"about":[{"href":"https:\/\/ilmondodiadriano.it\/eng\/wp-json\/wp\/v2\/types\/post"}],"author":[{"embeddable":true,"href":"https:\/\/ilmondodiadriano.it\/eng\/wp-json\/wp\/v2\/users\/1"}],"replies":[{"embeddable":true,"href":"https:\/\/ilmondodiadriano.it\/eng\/wp-json\/wp\/v2\/comments?post=771"}],"version-history":[{"count":5,"href":"https:\/\/ilmondodiadriano.it\/eng\/wp-json\/wp\/v2\/posts\/771\/revisions"}],"predecessor-version":[{"id":7661,"href":"https:\/\/ilmondodiadriano.it\/eng\/wp-json\/wp\/v2\/posts\/771\/revisions\/7661"}],"wp:featuredmedia":[{"embeddable":true,"href":"https:\/\/ilmondodiadriano.it\/eng\/wp-json\/wp\/v2\/media\/7990"}],"wp:attachment":[{"href":"https:\/\/ilmondodiadriano.it\/eng\/wp-json\/wp\/v2\/media?parent=771"}],"wp:term":[{"taxonomy":"category","embeddable":true,"href":"https:\/\/ilmondodiadriano.it\/eng\/wp-json\/wp\/v2\/categories?post=771"},{"taxonomy":"post_tag","embeddable":true,"href":"https:\/\/ilmondodiadriano.it\/eng\/wp-json\/wp\/v2\/tags?post=771"}],"curies":[{"name":"wp","href":"https:\/\/api.w.org\/{rel}","templated":true}]}}