{"id":7798,"date":"2016-04-26T11:52:01","date_gmt":"2016-04-26T09:52:01","guid":{"rendered":"https:\/\/ilmondodiadriano.it\/?p=7798"},"modified":"2016-10-16T23:59:00","modified_gmt":"2016-10-16T21:59:00","slug":"prince-nel-2013-posto-twitter-un-brano-celentano-si-trattava-lunica-chance-ora-lo-ricorda-un-fan","status":"publish","type":"post","link":"https:\/\/ilmondodiadriano.it\/eng\/2016\/04\/26\/prince-nel-2013-posto-twitter-un-brano-celentano-si-trattava-lunica-chance-ora-lo-ricorda-un-fan\/","title":{"rendered":"Prince: nel 2013 post\u00f2 su twitter un brano di Celentano. Si trattava di &#8220;L&#8217;Unica Chance&#8221;, ora lo ricorda un fan"},"content":{"rendered":"<p>\u00c8 un fan a ricordare, a pochi giorni dalla scomparsa di Prince, il tweet che l&#8217;artista fece nel 2013 su Adriano Celentano. Era il 30 agosto e sul profilo &#8220;3rd Eye Girl&#8221;, nome dell&#8217;allora band di Prince, l&#8217;icona del pop post\u00f2 il <a href=\"https:\/\/www.youtube.com\/watch?v=GkDkx3ewaM4&amp;feature=youtu.be&amp;t=2m16s\" target=\"_blank\">video<\/a> di &#8220;L&#8217;unica chance&#8221;, uno dei brani meno conosciuti del molleggiato.<\/p>\n<p>Prince non era solito &#8216;sponsorizzare&#8217; canzoni di altri artisti ma evidentemente questo pezzo lo colp\u00ec particolarmente.<br \/>\nForse perch\u00e9 a Prince piaceva il funk e &#8220;L&#8217;unica chance&#8221; \u00e8 una canzone funk al 100%. Purtroppo non \u00e8 possibile ritrovare il tweet originale del 2013 dal vecchio profilo ufficiale (Prince\/3rdEyeGirl), perch\u00e9 nel 2014 l&#8217;artista chiuse ed elimin\u00f2 tutti i suoi canali social per poi riaprire, solo nel 2015, un nuovo profilo su Twitter; tuttavia sul web qualche traccia rimane sempre. Lo dimostra lo screenshot dell&#8217;account facebook &#8220;The Prince Museum&#8221;, punto di riferimento di molti fan dell&#8217;artista, riportato oggi sulla community di Celentano. Sono ancora presenti online anche molti commenti di fan che nel 2013 chiedevano informazioni su questo brano italiano postato dal loro idolo.<\/p>\n<p><em>Da Ansa 26 Aprile 2016<\/em><\/p>\n<p>&nbsp;<\/p>\n","protected":false},"excerpt":{"rendered":"<p>\u00c8 un fan a ricordare, a pochi giorni dalla scomparsa di Prince, il tweet che l&#8217;artista fece nel 2013 su Adriano Celentano. Era il 30 agosto e sul profilo &#8220;3rd Eye Girl&#8221;, nome dell&#8217;allora band di Prince, l&#8217;icona del pop post\u00f2 il video di &#8220;L&#8217;unica chance&#8221;, uno dei brani meno conosciuti del molleggiato. Prince non [&hellip;]<\/p>\n","protected":false},"author":1,"featured_media":8379,"comment_status":"closed","ping_status":"open","sticky":false,"template":"","format":"standard","meta":{"footnotes":""},"categories":[14],"tags":[],"class_list":["post-7798","post","type-post","status-publish","format-standard","has-post-thumbnail","hentry","category-news"],"yoast_head":"<!-- This site is optimized with the Yoast SEO plugin v26.8 - https:\/\/yoast.com\/product\/yoast-seo-wordpress\/ -->\n<title>Prince: nel 2013 post\u00f2 su twitter un brano di Celentano. Si trattava di &quot;L&#039;Unica Chance&quot;, ora lo ricorda un fan - Il Mondo di Adriano<\/title>\n<meta name=\"robots\" content=\"index, follow, max-snippet:-1, max-image-preview:large, max-video-preview:-1\" \/>\n<link rel=\"canonical\" href=\"https:\/\/ilmondodiadriano.it\/eng\/2016\/04\/26\/prince-nel-2013-posto-twitter-un-brano-celentano-si-trattava-lunica-chance-ora-lo-ricorda-un-fan\/\" \/>\n<meta property=\"og:locale\" content=\"en_US\" \/>\n<meta property=\"og:type\" content=\"article\" \/>\n<meta property=\"og:title\" content=\"Prince: nel 2013 post\u00f2 su twitter un brano di Celentano. Si trattava di &quot;L&#039;Unica Chance&quot;, ora lo ricorda un fan - Il Mondo di Adriano\" \/>\n<meta property=\"og:description\" content=\"\u00c8 un fan a ricordare, a pochi giorni dalla scomparsa di Prince, il tweet che l&#8217;artista fece nel 2013 su Adriano Celentano. Era il 30 agosto e sul profilo &#8220;3rd Eye Girl&#8221;, nome dell&#8217;allora band di Prince, l&#8217;icona del pop post\u00f2 il video di &#8220;L&#8217;unica chance&#8221;, uno dei brani meno conosciuti del molleggiato. Prince non [&hellip;]\" \/>\n<meta property=\"og:url\" content=\"https:\/\/ilmondodiadriano.it\/eng\/2016\/04\/26\/prince-nel-2013-posto-twitter-un-brano-celentano-si-trattava-lunica-chance-ora-lo-ricorda-un-fan\/\" \/>\n<meta property=\"og:site_name\" content=\"Il Mondo di Adriano\" \/>\n<meta property=\"article:published_time\" content=\"2016-04-26T09:52:01+00:00\" \/>\n<meta property=\"article:modified_time\" content=\"2016-10-16T21:59:00+00:00\" \/>\n<meta property=\"og:image\" content=\"https:\/\/ilmondodiadriano.it\/eng\/wp-content\/uploads\/2016\/04\/The-prince-museum-ok.jpg\" \/>\n\t<meta property=\"og:image:width\" content=\"960\" \/>\n\t<meta property=\"og:image:height\" content=\"540\" \/>\n\t<meta property=\"og:image:type\" content=\"image\/jpeg\" \/>\n<meta name=\"author\" content=\"ac\" \/>\n<meta name=\"twitter:card\" content=\"summary_large_image\" \/>\n<meta name=\"twitter:label1\" content=\"Written by\" \/>\n\t<meta name=\"twitter:data1\" content=\"ac\" \/>\n\t<meta name=\"twitter:label2\" content=\"Est. reading time\" \/>\n\t<meta name=\"twitter:data2\" content=\"1 minute\" \/>\n<script type=\"application\/ld+json\" class=\"yoast-schema-graph\">{\"@context\":\"https:\/\/schema.org\",\"@graph\":[{\"@type\":\"Article\",\"@id\":\"https:\/\/ilmondodiadriano.it\/eng\/2016\/04\/26\/prince-nel-2013-posto-twitter-un-brano-celentano-si-trattava-lunica-chance-ora-lo-ricorda-un-fan\/#article\",\"isPartOf\":{\"@id\":\"https:\/\/ilmondodiadriano.it\/eng\/2016\/04\/26\/prince-nel-2013-posto-twitter-un-brano-celentano-si-trattava-lunica-chance-ora-lo-ricorda-un-fan\/\"},\"author\":{\"name\":\"ac\",\"@id\":\"https:\/\/ilmondodiadriano.it\/eng\/#\/schema\/person\/17e1d2baeb91b2eaca79e823e1071a37\"},\"headline\":\"Prince: nel 2013 post\u00f2 su twitter un brano di Celentano. Si trattava di &#8220;L&#8217;Unica Chance&#8221;, ora lo ricorda un fan\",\"datePublished\":\"2016-04-26T09:52:01+00:00\",\"dateModified\":\"2016-10-16T21:59:00+00:00\",\"mainEntityOfPage\":{\"@id\":\"https:\/\/ilmondodiadriano.it\/eng\/2016\/04\/26\/prince-nel-2013-posto-twitter-un-brano-celentano-si-trattava-lunica-chance-ora-lo-ricorda-un-fan\/\"},\"wordCount\":188,\"image\":{\"@id\":\"https:\/\/ilmondodiadriano.it\/eng\/2016\/04\/26\/prince-nel-2013-posto-twitter-un-brano-celentano-si-trattava-lunica-chance-ora-lo-ricorda-un-fan\/#primaryimage\"},\"thumbnailUrl\":\"https:\/\/ilmondodiadriano.it\/eng\/wp-content\/uploads\/2016\/04\/The-prince-museum-ok.jpg\",\"articleSection\":[\"News\"],\"inLanguage\":\"en-US\"},{\"@type\":\"WebPage\",\"@id\":\"https:\/\/ilmondodiadriano.it\/eng\/2016\/04\/26\/prince-nel-2013-posto-twitter-un-brano-celentano-si-trattava-lunica-chance-ora-lo-ricorda-un-fan\/\",\"url\":\"https:\/\/ilmondodiadriano.it\/eng\/2016\/04\/26\/prince-nel-2013-posto-twitter-un-brano-celentano-si-trattava-lunica-chance-ora-lo-ricorda-un-fan\/\",\"name\":\"Prince: nel 2013 post\u00f2 su twitter un brano di Celentano. Si trattava di \\\"L'Unica Chance\\\", ora lo ricorda un fan - Il Mondo di Adriano\",\"isPartOf\":{\"@id\":\"https:\/\/ilmondodiadriano.it\/eng\/#website\"},\"primaryImageOfPage\":{\"@id\":\"https:\/\/ilmondodiadriano.it\/eng\/2016\/04\/26\/prince-nel-2013-posto-twitter-un-brano-celentano-si-trattava-lunica-chance-ora-lo-ricorda-un-fan\/#primaryimage\"},\"image\":{\"@id\":\"https:\/\/ilmondodiadriano.it\/eng\/2016\/04\/26\/prince-nel-2013-posto-twitter-un-brano-celentano-si-trattava-lunica-chance-ora-lo-ricorda-un-fan\/#primaryimage\"},\"thumbnailUrl\":\"https:\/\/ilmondodiadriano.it\/eng\/wp-content\/uploads\/2016\/04\/The-prince-museum-ok.jpg\",\"datePublished\":\"2016-04-26T09:52:01+00:00\",\"dateModified\":\"2016-10-16T21:59:00+00:00\",\"author\":{\"@id\":\"https:\/\/ilmondodiadriano.it\/eng\/#\/schema\/person\/17e1d2baeb91b2eaca79e823e1071a37\"},\"breadcrumb\":{\"@id\":\"https:\/\/ilmondodiadriano.it\/eng\/2016\/04\/26\/prince-nel-2013-posto-twitter-un-brano-celentano-si-trattava-lunica-chance-ora-lo-ricorda-un-fan\/#breadcrumb\"},\"inLanguage\":\"en-US\",\"potentialAction\":[{\"@type\":\"ReadAction\",\"target\":[\"https:\/\/ilmondodiadriano.it\/eng\/2016\/04\/26\/prince-nel-2013-posto-twitter-un-brano-celentano-si-trattava-lunica-chance-ora-lo-ricorda-un-fan\/\"]}]},{\"@type\":\"ImageObject\",\"inLanguage\":\"en-US\",\"@id\":\"https:\/\/ilmondodiadriano.it\/eng\/2016\/04\/26\/prince-nel-2013-posto-twitter-un-brano-celentano-si-trattava-lunica-chance-ora-lo-ricorda-un-fan\/#primaryimage\",\"url\":\"https:\/\/ilmondodiadriano.it\/eng\/wp-content\/uploads\/2016\/04\/The-prince-museum-ok.jpg\",\"contentUrl\":\"https:\/\/ilmondodiadriano.it\/eng\/wp-content\/uploads\/2016\/04\/The-prince-museum-ok.jpg\",\"width\":960,\"height\":540},{\"@type\":\"BreadcrumbList\",\"@id\":\"https:\/\/ilmondodiadriano.it\/eng\/2016\/04\/26\/prince-nel-2013-posto-twitter-un-brano-celentano-si-trattava-lunica-chance-ora-lo-ricorda-un-fan\/#breadcrumb\",\"itemListElement\":[{\"@type\":\"ListItem\",\"position\":1,\"name\":\"Home\",\"item\":\"https:\/\/ilmondodiadriano.it\/eng\/\"},{\"@type\":\"ListItem\",\"position\":2,\"name\":\"Prince: nel 2013 post\u00f2 su twitter un brano di Celentano. Si trattava di &#8220;L&#8217;Unica Chance&#8221;, ora lo ricorda un fan\"}]},{\"@type\":\"WebSite\",\"@id\":\"https:\/\/ilmondodiadriano.it\/eng\/#website\",\"url\":\"https:\/\/ilmondodiadriano.it\/eng\/\",\"name\":\"Il Mondo di Adriano\",\"description\":\"The official Adriano Celentano website\",\"potentialAction\":[{\"@type\":\"SearchAction\",\"target\":{\"@type\":\"EntryPoint\",\"urlTemplate\":\"https:\/\/ilmondodiadriano.it\/eng\/?s={search_term_string}\"},\"query-input\":{\"@type\":\"PropertyValueSpecification\",\"valueRequired\":true,\"valueName\":\"search_term_string\"}}],\"inLanguage\":\"en-US\"},{\"@type\":\"Person\",\"@id\":\"https:\/\/ilmondodiadriano.it\/eng\/#\/schema\/person\/17e1d2baeb91b2eaca79e823e1071a37\",\"name\":\"ac\",\"image\":{\"@type\":\"ImageObject\",\"inLanguage\":\"en-US\",\"@id\":\"https:\/\/ilmondodiadriano.it\/eng\/#\/schema\/person\/image\/\",\"url\":\"https:\/\/secure.gravatar.com\/avatar\/21349271868ddc52cdfe3be60c0f62e4?s=96&d=mm&r=g\",\"contentUrl\":\"https:\/\/secure.gravatar.com\/avatar\/21349271868ddc52cdfe3be60c0f62e4?s=96&d=mm&r=g\",\"caption\":\"ac\"},\"url\":\"https:\/\/ilmondodiadriano.it\/eng\/author\/ac\/\"}]}<\/script>\n<!-- \/ Yoast SEO plugin. -->","yoast_head_json":{"title":"Prince: nel 2013 post\u00f2 su twitter un brano di Celentano. Si trattava di \"L'Unica Chance\", ora lo ricorda un fan - Il Mondo di Adriano","robots":{"index":"index","follow":"follow","max-snippet":"max-snippet:-1","max-image-preview":"max-image-preview:large","max-video-preview":"max-video-preview:-1"},"canonical":"https:\/\/ilmondodiadriano.it\/eng\/2016\/04\/26\/prince-nel-2013-posto-twitter-un-brano-celentano-si-trattava-lunica-chance-ora-lo-ricorda-un-fan\/","og_locale":"en_US","og_type":"article","og_title":"Prince: nel 2013 post\u00f2 su twitter un brano di Celentano. Si trattava di \"L'Unica Chance\", ora lo ricorda un fan - Il Mondo di Adriano","og_description":"\u00c8 un fan a ricordare, a pochi giorni dalla scomparsa di Prince, il tweet che l&#8217;artista fece nel 2013 su Adriano Celentano. Era il 30 agosto e sul profilo &#8220;3rd Eye Girl&#8221;, nome dell&#8217;allora band di Prince, l&#8217;icona del pop post\u00f2 il video di &#8220;L&#8217;unica chance&#8221;, uno dei brani meno conosciuti del molleggiato. Prince non [&hellip;]","og_url":"https:\/\/ilmondodiadriano.it\/eng\/2016\/04\/26\/prince-nel-2013-posto-twitter-un-brano-celentano-si-trattava-lunica-chance-ora-lo-ricorda-un-fan\/","og_site_name":"Il Mondo di Adriano","article_published_time":"2016-04-26T09:52:01+00:00","article_modified_time":"2016-10-16T21:59:00+00:00","og_image":[{"width":960,"height":540,"url":"https:\/\/ilmondodiadriano.it\/eng\/wp-content\/uploads\/2016\/04\/The-prince-museum-ok.jpg","type":"image\/jpeg"}],"author":"ac","twitter_card":"summary_large_image","twitter_misc":{"Written by":"ac","Est. reading time":"1 minute"},"schema":{"@context":"https:\/\/schema.org","@graph":[{"@type":"Article","@id":"https:\/\/ilmondodiadriano.it\/eng\/2016\/04\/26\/prince-nel-2013-posto-twitter-un-brano-celentano-si-trattava-lunica-chance-ora-lo-ricorda-un-fan\/#article","isPartOf":{"@id":"https:\/\/ilmondodiadriano.it\/eng\/2016\/04\/26\/prince-nel-2013-posto-twitter-un-brano-celentano-si-trattava-lunica-chance-ora-lo-ricorda-un-fan\/"},"author":{"name":"ac","@id":"https:\/\/ilmondodiadriano.it\/eng\/#\/schema\/person\/17e1d2baeb91b2eaca79e823e1071a37"},"headline":"Prince: nel 2013 post\u00f2 su twitter un brano di Celentano. Si trattava di &#8220;L&#8217;Unica Chance&#8221;, ora lo ricorda un fan","datePublished":"2016-04-26T09:52:01+00:00","dateModified":"2016-10-16T21:59:00+00:00","mainEntityOfPage":{"@id":"https:\/\/ilmondodiadriano.it\/eng\/2016\/04\/26\/prince-nel-2013-posto-twitter-un-brano-celentano-si-trattava-lunica-chance-ora-lo-ricorda-un-fan\/"},"wordCount":188,"image":{"@id":"https:\/\/ilmondodiadriano.it\/eng\/2016\/04\/26\/prince-nel-2013-posto-twitter-un-brano-celentano-si-trattava-lunica-chance-ora-lo-ricorda-un-fan\/#primaryimage"},"thumbnailUrl":"https:\/\/ilmondodiadriano.it\/eng\/wp-content\/uploads\/2016\/04\/The-prince-museum-ok.jpg","articleSection":["News"],"inLanguage":"en-US"},{"@type":"WebPage","@id":"https:\/\/ilmondodiadriano.it\/eng\/2016\/04\/26\/prince-nel-2013-posto-twitter-un-brano-celentano-si-trattava-lunica-chance-ora-lo-ricorda-un-fan\/","url":"https:\/\/ilmondodiadriano.it\/eng\/2016\/04\/26\/prince-nel-2013-posto-twitter-un-brano-celentano-si-trattava-lunica-chance-ora-lo-ricorda-un-fan\/","name":"Prince: nel 2013 post\u00f2 su twitter un brano di Celentano. Si trattava di \"L'Unica Chance\", ora lo ricorda un fan - Il Mondo di Adriano","isPartOf":{"@id":"https:\/\/ilmondodiadriano.it\/eng\/#website"},"primaryImageOfPage":{"@id":"https:\/\/ilmondodiadriano.it\/eng\/2016\/04\/26\/prince-nel-2013-posto-twitter-un-brano-celentano-si-trattava-lunica-chance-ora-lo-ricorda-un-fan\/#primaryimage"},"image":{"@id":"https:\/\/ilmondodiadriano.it\/eng\/2016\/04\/26\/prince-nel-2013-posto-twitter-un-brano-celentano-si-trattava-lunica-chance-ora-lo-ricorda-un-fan\/#primaryimage"},"thumbnailUrl":"https:\/\/ilmondodiadriano.it\/eng\/wp-content\/uploads\/2016\/04\/The-prince-museum-ok.jpg","datePublished":"2016-04-26T09:52:01+00:00","dateModified":"2016-10-16T21:59:00+00:00","author":{"@id":"https:\/\/ilmondodiadriano.it\/eng\/#\/schema\/person\/17e1d2baeb91b2eaca79e823e1071a37"},"breadcrumb":{"@id":"https:\/\/ilmondodiadriano.it\/eng\/2016\/04\/26\/prince-nel-2013-posto-twitter-un-brano-celentano-si-trattava-lunica-chance-ora-lo-ricorda-un-fan\/#breadcrumb"},"inLanguage":"en-US","potentialAction":[{"@type":"ReadAction","target":["https:\/\/ilmondodiadriano.it\/eng\/2016\/04\/26\/prince-nel-2013-posto-twitter-un-brano-celentano-si-trattava-lunica-chance-ora-lo-ricorda-un-fan\/"]}]},{"@type":"ImageObject","inLanguage":"en-US","@id":"https:\/\/ilmondodiadriano.it\/eng\/2016\/04\/26\/prince-nel-2013-posto-twitter-un-brano-celentano-si-trattava-lunica-chance-ora-lo-ricorda-un-fan\/#primaryimage","url":"https:\/\/ilmondodiadriano.it\/eng\/wp-content\/uploads\/2016\/04\/The-prince-museum-ok.jpg","contentUrl":"https:\/\/ilmondodiadriano.it\/eng\/wp-content\/uploads\/2016\/04\/The-prince-museum-ok.jpg","width":960,"height":540},{"@type":"BreadcrumbList","@id":"https:\/\/ilmondodiadriano.it\/eng\/2016\/04\/26\/prince-nel-2013-posto-twitter-un-brano-celentano-si-trattava-lunica-chance-ora-lo-ricorda-un-fan\/#breadcrumb","itemListElement":[{"@type":"ListItem","position":1,"name":"Home","item":"https:\/\/ilmondodiadriano.it\/eng\/"},{"@type":"ListItem","position":2,"name":"Prince: nel 2013 post\u00f2 su twitter un brano di Celentano. Si trattava di &#8220;L&#8217;Unica Chance&#8221;, ora lo ricorda un fan"}]},{"@type":"WebSite","@id":"https:\/\/ilmondodiadriano.it\/eng\/#website","url":"https:\/\/ilmondodiadriano.it\/eng\/","name":"Il Mondo di Adriano","description":"The official Adriano Celentano website","potentialAction":[{"@type":"SearchAction","target":{"@type":"EntryPoint","urlTemplate":"https:\/\/ilmondodiadriano.it\/eng\/?s={search_term_string}"},"query-input":{"@type":"PropertyValueSpecification","valueRequired":true,"valueName":"search_term_string"}}],"inLanguage":"en-US"},{"@type":"Person","@id":"https:\/\/ilmondodiadriano.it\/eng\/#\/schema\/person\/17e1d2baeb91b2eaca79e823e1071a37","name":"ac","image":{"@type":"ImageObject","inLanguage":"en-US","@id":"https:\/\/ilmondodiadriano.it\/eng\/#\/schema\/person\/image\/","url":"https:\/\/secure.gravatar.com\/avatar\/21349271868ddc52cdfe3be60c0f62e4?s=96&d=mm&r=g","contentUrl":"https:\/\/secure.gravatar.com\/avatar\/21349271868ddc52cdfe3be60c0f62e4?s=96&d=mm&r=g","caption":"ac"},"url":"https:\/\/ilmondodiadriano.it\/eng\/author\/ac\/"}]}},"_links":{"self":[{"href":"https:\/\/ilmondodiadriano.it\/eng\/wp-json\/wp\/v2\/posts\/7798","targetHints":{"allow":["GET"]}}],"collection":[{"href":"https:\/\/ilmondodiadriano.it\/eng\/wp-json\/wp\/v2\/posts"}],"about":[{"href":"https:\/\/ilmondodiadriano.it\/eng\/wp-json\/wp\/v2\/types\/post"}],"author":[{"embeddable":true,"href":"https:\/\/ilmondodiadriano.it\/eng\/wp-json\/wp\/v2\/users\/1"}],"replies":[{"embeddable":true,"href":"https:\/\/ilmondodiadriano.it\/eng\/wp-json\/wp\/v2\/comments?post=7798"}],"version-history":[{"count":3,"href":"https:\/\/ilmondodiadriano.it\/eng\/wp-json\/wp\/v2\/posts\/7798\/revisions"}],"predecessor-version":[{"id":7823,"href":"https:\/\/ilmondodiadriano.it\/eng\/wp-json\/wp\/v2\/posts\/7798\/revisions\/7823"}],"wp:featuredmedia":[{"embeddable":true,"href":"https:\/\/ilmondodiadriano.it\/eng\/wp-json\/wp\/v2\/media\/8379"}],"wp:attachment":[{"href":"https:\/\/ilmondodiadriano.it\/eng\/wp-json\/wp\/v2\/media?parent=7798"}],"wp:term":[{"taxonomy":"category","embeddable":true,"href":"https:\/\/ilmondodiadriano.it\/eng\/wp-json\/wp\/v2\/categories?post=7798"},{"taxonomy":"post_tag","embeddable":true,"href":"https:\/\/ilmondodiadriano.it\/eng\/wp-json\/wp\/v2\/tags?post=7798"}],"curies":[{"name":"wp","href":"https:\/\/api.w.org\/{rel}","templated":true}]}}