{"id":8702,"date":"2011-12-30T16:17:09","date_gmt":"2011-12-30T15:17:09","guid":{"rendered":"https:\/\/ilmondodiadriano.it\/?p=8702"},"modified":"2016-11-04T17:32:45","modified_gmt":"2016-11-04T16:32:45","slug":"lettera-maurizio-cattelan-ad-adriano-celentano","status":"publish","type":"post","link":"https:\/\/ilmondodiadriano.it\/eng\/2011\/12\/30\/lettera-maurizio-cattelan-ad-adriano-celentano\/","title":{"rendered":"Maurizio Cattelan e Adriano Celentano"},"content":{"rendered":"<p><strong>28 novembre 2011<\/strong><\/p>\n<p>Ciao Adriano,<\/p>\n<p>immagino vada bene se ti chiamo Adriano? Spero di non metterti a<br \/>\ndisagio, ma come ti puoi immaginare \u00e8 un po&#8217; strano per me rivolgermi<br \/>\ncos\u00ec direttamente a qualcuno che fino ad oggi ho avuto l&#8217;opportunit\u00e0<br \/>\ndi conoscere solo attraverso una radio a transistor o un televisore<br \/>\ndurante la mia dolescenza provinciale.<br \/>\nA dir la verit\u00e0 non \u00e8 vero, a volte mi \u00e8 capitato anche di avere<br \/>\ntue notizie attraverso la stampa, ma sai come funziona in questi casi,<br \/>\n\u00e8 difficile fidarsi se non ci si trova davanti la persona in<br \/>\nquestione, soprattutto in un caso come il tuo. Per esempio non troppo<br \/>\ntempo fa leggevo di un bar in Via Gluck dove<br \/>\nlamentano la tua assenza da anni. Ma sar\u00e0 vero? Non ti piace pi\u00f9 il<br \/>\ncaff\u00e8 da quelle parti? Oppure ci vai ancora di nascosto? Io ci sono<br \/>\npassato una volta molti anni fa, quando mi ero trasferito da poco a<br \/>\nMilano. Non ti nascondo che mi ha fatto un certo effetto trovarmi<br \/>\ndavanti ad una prova cos\u00ec tangibile della tua esistenza. A volte mi<br \/>\ndomando se questa tendenza a rivendicare le origini di un personaggio<br \/>\nsia un fenomeno esclusivamente italiano. Non mi pare che nessuno abbia<br \/>\nmai reclamato un ritorno di Elvis Presley a Tupelo o di Little Richard<br \/>\nin Georgia. O di Little Tony a San Marino, per restare in un paese<br \/>\npi\u00f9 vicino al nostro.<br \/>\nA proposito, ci sono dei colleghi musicisti che frequenti pi\u00f9 di<br \/>\naltri? O davvero adesso esci di rado e parli ancora meno? Da parte mia<br \/>\nho sempre ammirato la tua abilit\u00e0 nel navigare gli argomenti<br \/>\nalternando esternazioni a lunghi momenti di silenzio. Diffido di chi<br \/>\nsi sottrae del tutto come di chi ha sempre qualcosa da dire. Un&#8217;altra<br \/>\ncosa che ammiro sinceramente \u00e8 la tua capacit\u00e0 di sorprendere<br \/>\nsempre. \u00c8 davvero rischioso darti per scontato, ed \u00e8 una qualit\u00e0<br \/>\nrara che diventa ancora pi\u00f9 rara se preservata nel tempo. Uno dei<br \/>\nmiei ricordi pi\u00f9 forti legato a te \u00e8 legato al tuo appello di<br \/>\nspegnere il televisore. E infatti ancora oggi non ne possiedo uno.<br \/>\nM<\/p>\n<p>&#8212;<\/p>\n<p><strong>18 dicembre 2011<\/strong><\/p>\n<p>Ciao Maurizio,<\/p>\n<p>\u00c8 un condizione essenziale che tu mia del \u201ctu\u201d.Io mi chiamo Adriano.<br \/>\nNon Signor Adriano.<br \/>\nDarmi del \u201cLei\u201d \u00e8 come non voler \u00a0avere nulla a che fare con me.<br \/>\nMi sentirei un estraneo, mentre \u00a0per mia \u00a0natura, \u00e8 istintivo e vitale entrare subito in comunicazione con il prossimo.<br \/>\nQualsiasi prossimo.<br \/>\nFigurati con te.<br \/>\nInfatti \u00a0io soffro quando qualcuno per troppo rispetto, mi da per un attimo del lei; io in quel momento \u00a0mi sento solo.<br \/>\nAmo molto la tua arte nella quale ritrovo una certa \u00a0follia, dove anche io\u00a0 mi riconosco, \u00a0che spiega pi\u00f9 di tutti in che mondo viviamo.<br \/>\nCome ad esempio il \u00a0famoso \u201cdito\u201d che giustamente \u00e8 stato collocato davanti alla Borsa di Milano,dove serpeggia il virus dei nostri guai.<br \/>\nPer rispondere alla tua lettera,non saprei se sia tipicamente italiano tentare di ricondurre alle origini i personaggi famosi.<br \/>\nNel mio caso,le mie origini \u00a0per me sono alla base di quello che sono.<br \/>\nSono figlio di emigranti, poveri, onesti e allegri.<br \/>\nPensa\u2026allegri, nonostante le immani difficolt\u00e0 nelle quali la mia famiglia foggiana si dibatteva,come quasi tutti in quegli anni difficili.<br \/>\nSu di me si \u00e8 scritto di tutto .<br \/>\nAd esempio non \u00e8 vero che \u201cesco di rado e \u00a0parlo ancora meno\u201d.<br \/>\nQuando c\u2019\u00e8 da parlare lo faccio.<br \/>\nNon mi sottraggo, quando penso sia giusto far conoscere il mio parere su un certo argomento:vedi la privatizzazione dell\u2019acqua, Il nucleare: come potevo non impegnarmi su argomenti cosi vitali per tutti.<br \/>\nL\u2019acqua: non si pu\u00f2 privatizzare!<br \/>\nIl nucleare : si finge di non sapere del problema delle scorie, quando ancora oggi stiamo morendo soffocati dalla \u201cmondezza\u201d che non sappiamo dove mettere.<br \/>\nDovremmo fidarci \u00a0di chi ci governa che improvvisamente saprebbero,come gestire i rifiuti tossici delle centrali nucleari?<br \/>\nNon ci basta quello che gi\u00e0 ci sta facendo morire tutti di cancro,\u00a0 a causa dell\u2019inquinamento?<br \/>\nIl mio \u00a0misero \u00a0pensiero io voglio che si comprenda. Parlo in modo semplice \u00e8 vero,comprensibile e a volte questo pu\u00f2 spaventare .<br \/>\nNon c\u2019\u00e8 nulla di pi\u00f9 pericoloso che farsi capire.<\/p>\n<p>Adriano<\/p>\n<p>&#8212;<\/p>\n<p><strong>20 dicembre 2011<\/strong><\/p>\n<p>Caro Adriano,<br \/>\nTi ringrazio della risposta e per aver abbattuto la formalit\u00e0 che a<br \/>\nvolte rischia di caratterizzare questi scambi a distanza. Per pura<br \/>\ncoincidenza ti sto scrivendo da un diner qui a New York e in<br \/>\nsottofondo sta andando la tua canzone &#8216;Chi non lavora non fa l&#8217;amore&#8217;.<br \/>\nDeve essere un segno del destino. A proposito, secondo te \u00e8 ancora<br \/>\nvalido come messaggio? Da quello che leggo nei giornali americani a<br \/>\nproposito dell&#8217;Italia, oggi sembra che sia vero piuttosto il<br \/>\ncontrario.<br \/>\nAnche io come te coltivo una sana diffidenza nei confronti della<br \/>\nclasse politica. Quello che dici sulla privatizzazione mi fa<br \/>\nriflettere. Viene spesso presentata come un&#8217;opportunit\u00e0 per sfuggire<br \/>\nai rischi del monopolio, per sgravare il debito pubblico o anche per<br \/>\nsnellire un sistema che pare temere la responsabilit\u00e0 diretta come la<br \/>\nmalaria, ma sembra davvero che l&#8217;Italia abbia deciso di inserirsi nel<br \/>\ndiscorso globale nel modo peggiore. Ho visto, a tal proposito, che nel<br \/>\ntuo nuovo album ci sar\u00e0 una nuova versione di Svalutation. Chiss\u00e0,<br \/>\noggi forse si potrebbe arricchire di nuove parole. Che ne dici di<br \/>\nLiberalizzation? Privatization? O forse Deregulation?<br \/>\nCi stiamo avventurando su un terreno insidioso, il che mi spinge a<br \/>\nchiedermi, anche pensando al contesto transoceanico in cui si svolge<br \/>\nla nostra conversazione e a chi ci legger\u00e0: cosa vogliamo dire da<br \/>\nitaliani ai tedeschi? Quanto vogliamo rivelare? Questo anche tenendo a<br \/>\nmente che forse di noi sanno gi\u00e0 molto. Sicuramente pi\u00f9 di quanto noi<br \/>\nsappiamo di loro, no?<br \/>\nMaurizio<\/p>\n<p>PS Mi onora sapere che conosci e ti riconosci un po&#8217; in quello che<br \/>\nfaccio. Per me il pericolo fino ad oggi \u00e8 stato essere frainteso.<\/p>\n<p>&#8212;<\/p>\n<p><strong>29 dicembre 2011<\/strong><\/p>\n<p>Caro Maurizio,<br \/>\nsei a New York?!<br \/>\nPensa che io soltanto all\u2019idea di prendere un aereo,gi\u00e0 adesso non dormo pi\u00f9!<br \/>\nIn teoria sarei un grande viaggiatore.<br \/>\nCurioso,avventuroso,amante di scoprire persone e musica di altre culture,confronti con altri\u00a0\u00a0mondi \u2026sarebbe ci\u00f2\u00a0\u00a0che pi\u00f9 amerei fare, ma la\u00a0\u00a0paura di essere \u201csospeso nel cielo\u201d \u00e8 pi\u00f9 forte di tutto.<br \/>\nMi \u00e8 rimasta l\u2019avventura\u2026alla Salgari.<br \/>\nUn po\u2019 troppo comoda\u00a0\u00a0forse,\u00e8 vero, perch\u00e9 l\u2019avventura e il fascino iniziano\u00a0\u00a0proprio dal viaggio stesso anche se\u00a0\u00a0Salgari mi ha affascinato sin da ragazzo.<br \/>\nA proposito di \u201cChi non lavora non fa l\u2019amore\u201d mi chiedi se \u00e8 ancora valido come messaggio : lo sarebbe se quando usc\u00ec, non fossi stato frainteso.<br \/>\nCome ho avuto modo di dire pi\u00f9 volte,il mio intento era di lanciare una provocazione proprio ai datori di lavoro,ai padroni,facendo un parallelo con gli operai che, trovandosi senza lavoro,perdevano anche la serenit\u00e0 e l\u2019amore in seno alle proprie famiglie.<br \/>\nConcludevo infatti con il testo\u00a0\u00a0che diceva: \u201c\u2026dammi l\u2019aumento signor padrone e vedrai che anche in casa tua, torner\u00e0 l\u2019amore\u201d.<br \/>\nMa questa canzone fu strumentalizzata,tacciata\u00a0\u00a0contro gli scioperi.<br \/>\nCome potrei, io, con la mia storia familiare e personale, essere contro gli scioperi,l\u2019unica arma democratica per far rispettare i diritti delle persone pi\u00f9 deboli e per dar loro voce e visibilit\u00e0.<br \/>\nForse \u00e8 proprio il titolo che pu\u00f2 avere generato questo equivoco e, se oggi dovessi modificare qualcosa,cambierei soltanto il titolo .<br \/>\nLa chiamerei: \u201cSignor padrone dammi l\u2019aumento altrimenti per te saranno guai\u201d.<br \/>\nE\u2019 vero che diffido della classe politica perch\u00e8 ha creato impunemente i disastri che stanno affondando la vita delle persone .<br \/>\nNegandogli la dignit\u00e0 di un lavoro ,il diritto allo studio uguale per tutti,il diritto di curarsi tutti nello stesso modo.<br \/>\nCi vorrebbero politici illuminati,onesti,disinteressati\u2026ma non ne vedo in giro.<br \/>\nForse i politici dovrebbero essere affiancati da\u00a0\u00a0filosofi\u00a0\u00a0e\u00a0\u00a0\u00a0poeti per\u00a0\u00a0sperare di recuperare la cultura dell\u2019onest\u00e0 e della sapienza.<br \/>\nPer tentare di ricostruire un mondo\u00a0\u00a0serio ,illuminato.<br \/>\nUtopia?<br \/>\nForse, ma non bisogna abbandonare la speranza di riuscirci.Ho sempre pensato che, contrariamente al senso della parola,sar\u00e0 proprio l\u2019 \u201dutopia\u201d a cambiare il mondo.Perch\u00e8 non provarci?<br \/>\nMi chiedi poi,cosa direi ad un tedesco di noi italiani\u2026<br \/>\n\u2026gli direi, che siamo gente semplice. Per bene.<br \/>\nCon una giovent\u00f9 che cerca con onest\u00e0 e dignit\u00e0 la propria strada, in mezzo a mille difficolt\u00e0 inaspettate e ingiuste.<br \/>\nRiguardo a \u201cSvalutation\u201d,non c\u2019\u00e8 nel mio nuovo album appena uscito.<br \/>\nForse hai saputo una cosa un po\u2019 diversa; avrai sentito parlare di una canzone da me composta, parole e musica,presente in questo album,che la stampa ha dichiarato essere il \u201cmondo in mi 7\u00b0\u201d del terzo millenio.<br \/>\nVuoi sapere il titolo?<br \/>\n\u201cIL MUTUO\u201d.<br \/>\nAdriano<\/p>\n<p>&#8212;<\/p>\n<p><strong>29 dicembre 2011<\/strong><\/p>\n<p>Caro Adriano,<\/p>\n<p>Ti chiedo scusa per aver frainteso sulla presenza di una nuova &#8216;Svalutation&#8217; nel tuo ultimo album. Sono stato mal informato! O forse me la sono immaginata da solo perch\u00e9 pensavo inconsciamente che sarebbe stata una riproposizione pertinente? Ammiro la tua grinta e la tua fiducia nella potenziale realizzazione di un&#8217;utopia. Negli anni ho visto e letto spesso di esperimenti designati a rimescolare le carte e a costruire una nuova\u00a0struttura\u00a0sociale ma temo che il problema sia pi\u00f9 a monte.\u00a0Forse \u00e8 troppo\u00a0difficile restare disinteressati, onesti e illuminati una volta che si occupa\u00a0una posizione di potere? Perfino i bidelli della mia scuola cambiavano atteggiamento una volta entrati in possesso delle chiavi degli armadi.<br \/>\nPrima di partire per New York anni fa anche io mi nutrivo di fantasie salgariane, e ti confesso che a volte mi piacerebbe poter ricatturare quello stato d&#8217;animo &#8211; per me costituiva quel genere di limiti che spingeva a trovare nuove soluzioni. Mi sembra dunque di capire che non ti vedr\u00f2 a New York ma in compenso ti vedr\u00f2 a San Remo. Ricordo ancora la tua apparizione anni fa\u00a0in\u00a0sostegno a\u00a0Tony Renis. Ricordo soprattutto il silenzio e l&#8217;attenzione scesi su una stanza che fino a quel momento rumoreggiava con il televisore in sottofondo. Ci regalerai ancora qualche minuto di libera imprevedibilit\u00e0? \u00c8 un ottimo modo per iniziare l&#8217;anno nuovo, spero che sia la prima di una lunga lista di sorprese. Intanto ascolter\u00f2 &#8216;Il Mutuo&#8217;. Direi che il rischio di strumentalizzare o fraintendere, con un titolo del genere non sussiste.<br \/>\nGrazie mille, a presto<br \/>\nM<\/p>\n<p>&nbsp;<\/p>\n","protected":false},"excerpt":{"rendered":"<p>28 novembre 2011 Ciao Adriano, immagino vada bene se ti chiamo Adriano? Spero di non metterti a disagio, ma come ti puoi immaginare \u00e8 un po&#8217; strano per me rivolgermi cos\u00ec direttamente a qualcuno che fino ad oggi ho avuto l&#8217;opportunit\u00e0 di conoscere solo attraverso una radio a transistor o un televisore durante la mia [&hellip;]<\/p>\n","protected":false},"author":8,"featured_media":8709,"comment_status":"closed","ping_status":"open","sticky":false,"template":"","format":"standard","meta":{"footnotes":""},"categories":[1],"tags":[],"class_list":["post-8702","post","type-post","status-publish","format-standard","has-post-thumbnail","hentry","category-l-articolo"],"yoast_head":"<!-- This site is optimized with the Yoast SEO plugin v26.8 - https:\/\/yoast.com\/product\/yoast-seo-wordpress\/ -->\n<title>Maurizio Cattelan e Adriano Celentano - Il Mondo di Adriano<\/title>\n<meta name=\"robots\" content=\"index, follow, max-snippet:-1, max-image-preview:large, max-video-preview:-1\" \/>\n<link rel=\"canonical\" href=\"https:\/\/ilmondodiadriano.it\/eng\/2011\/12\/30\/lettera-maurizio-cattelan-ad-adriano-celentano\/\" \/>\n<meta property=\"og:locale\" content=\"en_US\" \/>\n<meta property=\"og:type\" content=\"article\" \/>\n<meta property=\"og:title\" content=\"Maurizio Cattelan e Adriano Celentano - Il Mondo di Adriano\" \/>\n<meta property=\"og:description\" content=\"28 novembre 2011 Ciao Adriano, immagino vada bene se ti chiamo Adriano? Spero di non metterti a disagio, ma come ti puoi immaginare \u00e8 un po&#8217; strano per me rivolgermi cos\u00ec direttamente a qualcuno che fino ad oggi ho avuto l&#8217;opportunit\u00e0 di conoscere solo attraverso una radio a transistor o un televisore durante la mia [&hellip;]\" \/>\n<meta property=\"og:url\" content=\"https:\/\/ilmondodiadriano.it\/eng\/2011\/12\/30\/lettera-maurizio-cattelan-ad-adriano-celentano\/\" \/>\n<meta property=\"og:site_name\" content=\"Il Mondo di Adriano\" \/>\n<meta property=\"article:published_time\" content=\"2011-12-30T15:17:09+00:00\" \/>\n<meta property=\"article:modified_time\" content=\"2016-11-04T16:32:45+00:00\" \/>\n<meta property=\"og:image\" content=\"https:\/\/ilmondodiadriano.it\/eng\/wp-content\/uploads\/2016\/11\/Epistolario.jpg\" \/>\n\t<meta property=\"og:image:width\" content=\"640\" \/>\n\t<meta property=\"og:image:height\" content=\"428\" \/>\n\t<meta property=\"og:image:type\" content=\"image\/jpeg\" \/>\n<meta name=\"author\" content=\"comunicarlo\" \/>\n<meta name=\"twitter:card\" content=\"summary_large_image\" \/>\n<meta name=\"twitter:label1\" content=\"Written by\" \/>\n\t<meta name=\"twitter:data1\" content=\"comunicarlo\" \/>\n\t<meta name=\"twitter:label2\" content=\"Est. reading time\" \/>\n\t<meta name=\"twitter:data2\" content=\"8 minutes\" \/>\n<script type=\"application\/ld+json\" class=\"yoast-schema-graph\">{\"@context\":\"https:\/\/schema.org\",\"@graph\":[{\"@type\":\"Article\",\"@id\":\"https:\/\/ilmondodiadriano.it\/eng\/2011\/12\/30\/lettera-maurizio-cattelan-ad-adriano-celentano\/#article\",\"isPartOf\":{\"@id\":\"https:\/\/ilmondodiadriano.it\/eng\/2011\/12\/30\/lettera-maurizio-cattelan-ad-adriano-celentano\/\"},\"author\":{\"name\":\"comunicarlo\",\"@id\":\"https:\/\/ilmondodiadriano.it\/eng\/#\/schema\/person\/0edb0be757801de8e5e24c13621a80f6\"},\"headline\":\"Maurizio Cattelan e Adriano Celentano\",\"datePublished\":\"2011-12-30T15:17:09+00:00\",\"dateModified\":\"2016-11-04T16:32:45+00:00\",\"mainEntityOfPage\":{\"@id\":\"https:\/\/ilmondodiadriano.it\/eng\/2011\/12\/30\/lettera-maurizio-cattelan-ad-adriano-celentano\/\"},\"wordCount\":1690,\"image\":{\"@id\":\"https:\/\/ilmondodiadriano.it\/eng\/2011\/12\/30\/lettera-maurizio-cattelan-ad-adriano-celentano\/#primaryimage\"},\"thumbnailUrl\":\"https:\/\/ilmondodiadriano.it\/eng\/wp-content\/uploads\/2016\/11\/Epistolario.jpg\",\"articleSection\":[\"Articolo\"],\"inLanguage\":\"en-US\"},{\"@type\":\"WebPage\",\"@id\":\"https:\/\/ilmondodiadriano.it\/eng\/2011\/12\/30\/lettera-maurizio-cattelan-ad-adriano-celentano\/\",\"url\":\"https:\/\/ilmondodiadriano.it\/eng\/2011\/12\/30\/lettera-maurizio-cattelan-ad-adriano-celentano\/\",\"name\":\"Maurizio Cattelan e Adriano Celentano - Il Mondo di Adriano\",\"isPartOf\":{\"@id\":\"https:\/\/ilmondodiadriano.it\/eng\/#website\"},\"primaryImageOfPage\":{\"@id\":\"https:\/\/ilmondodiadriano.it\/eng\/2011\/12\/30\/lettera-maurizio-cattelan-ad-adriano-celentano\/#primaryimage\"},\"image\":{\"@id\":\"https:\/\/ilmondodiadriano.it\/eng\/2011\/12\/30\/lettera-maurizio-cattelan-ad-adriano-celentano\/#primaryimage\"},\"thumbnailUrl\":\"https:\/\/ilmondodiadriano.it\/eng\/wp-content\/uploads\/2016\/11\/Epistolario.jpg\",\"datePublished\":\"2011-12-30T15:17:09+00:00\",\"dateModified\":\"2016-11-04T16:32:45+00:00\",\"author\":{\"@id\":\"https:\/\/ilmondodiadriano.it\/eng\/#\/schema\/person\/0edb0be757801de8e5e24c13621a80f6\"},\"breadcrumb\":{\"@id\":\"https:\/\/ilmondodiadriano.it\/eng\/2011\/12\/30\/lettera-maurizio-cattelan-ad-adriano-celentano\/#breadcrumb\"},\"inLanguage\":\"en-US\",\"potentialAction\":[{\"@type\":\"ReadAction\",\"target\":[\"https:\/\/ilmondodiadriano.it\/eng\/2011\/12\/30\/lettera-maurizio-cattelan-ad-adriano-celentano\/\"]}]},{\"@type\":\"ImageObject\",\"inLanguage\":\"en-US\",\"@id\":\"https:\/\/ilmondodiadriano.it\/eng\/2011\/12\/30\/lettera-maurizio-cattelan-ad-adriano-celentano\/#primaryimage\",\"url\":\"https:\/\/ilmondodiadriano.it\/eng\/wp-content\/uploads\/2016\/11\/Epistolario.jpg\",\"contentUrl\":\"https:\/\/ilmondodiadriano.it\/eng\/wp-content\/uploads\/2016\/11\/Epistolario.jpg\",\"width\":640,\"height\":428},{\"@type\":\"BreadcrumbList\",\"@id\":\"https:\/\/ilmondodiadriano.it\/eng\/2011\/12\/30\/lettera-maurizio-cattelan-ad-adriano-celentano\/#breadcrumb\",\"itemListElement\":[{\"@type\":\"ListItem\",\"position\":1,\"name\":\"Home\",\"item\":\"https:\/\/ilmondodiadriano.it\/eng\/\"},{\"@type\":\"ListItem\",\"position\":2,\"name\":\"Maurizio Cattelan e Adriano Celentano\"}]},{\"@type\":\"WebSite\",\"@id\":\"https:\/\/ilmondodiadriano.it\/eng\/#website\",\"url\":\"https:\/\/ilmondodiadriano.it\/eng\/\",\"name\":\"Il Mondo di Adriano\",\"description\":\"The official Adriano Celentano website\",\"potentialAction\":[{\"@type\":\"SearchAction\",\"target\":{\"@type\":\"EntryPoint\",\"urlTemplate\":\"https:\/\/ilmondodiadriano.it\/eng\/?s={search_term_string}\"},\"query-input\":{\"@type\":\"PropertyValueSpecification\",\"valueRequired\":true,\"valueName\":\"search_term_string\"}}],\"inLanguage\":\"en-US\"},{\"@type\":\"Person\",\"@id\":\"https:\/\/ilmondodiadriano.it\/eng\/#\/schema\/person\/0edb0be757801de8e5e24c13621a80f6\",\"name\":\"comunicarlo\",\"image\":{\"@type\":\"ImageObject\",\"inLanguage\":\"en-US\",\"@id\":\"https:\/\/ilmondodiadriano.it\/eng\/#\/schema\/person\/image\/\",\"url\":\"https:\/\/secure.gravatar.com\/avatar\/7be1ad43a24535e85ba8bdebc8f87995?s=96&d=mm&r=g\",\"contentUrl\":\"https:\/\/secure.gravatar.com\/avatar\/7be1ad43a24535e85ba8bdebc8f87995?s=96&d=mm&r=g\",\"caption\":\"comunicarlo\"},\"url\":\"https:\/\/ilmondodiadriano.it\/eng\/author\/comunicarlo\/\"}]}<\/script>\n<!-- \/ Yoast SEO plugin. -->","yoast_head_json":{"title":"Maurizio Cattelan e Adriano Celentano - Il Mondo di Adriano","robots":{"index":"index","follow":"follow","max-snippet":"max-snippet:-1","max-image-preview":"max-image-preview:large","max-video-preview":"max-video-preview:-1"},"canonical":"https:\/\/ilmondodiadriano.it\/eng\/2011\/12\/30\/lettera-maurizio-cattelan-ad-adriano-celentano\/","og_locale":"en_US","og_type":"article","og_title":"Maurizio Cattelan e Adriano Celentano - Il Mondo di Adriano","og_description":"28 novembre 2011 Ciao Adriano, immagino vada bene se ti chiamo Adriano? Spero di non metterti a disagio, ma come ti puoi immaginare \u00e8 un po&#8217; strano per me rivolgermi cos\u00ec direttamente a qualcuno che fino ad oggi ho avuto l&#8217;opportunit\u00e0 di conoscere solo attraverso una radio a transistor o un televisore durante la mia [&hellip;]","og_url":"https:\/\/ilmondodiadriano.it\/eng\/2011\/12\/30\/lettera-maurizio-cattelan-ad-adriano-celentano\/","og_site_name":"Il Mondo di Adriano","article_published_time":"2011-12-30T15:17:09+00:00","article_modified_time":"2016-11-04T16:32:45+00:00","og_image":[{"width":640,"height":428,"url":"https:\/\/ilmondodiadriano.it\/eng\/wp-content\/uploads\/2016\/11\/Epistolario.jpg","type":"image\/jpeg"}],"author":"comunicarlo","twitter_card":"summary_large_image","twitter_misc":{"Written by":"comunicarlo","Est. reading time":"8 minutes"},"schema":{"@context":"https:\/\/schema.org","@graph":[{"@type":"Article","@id":"https:\/\/ilmondodiadriano.it\/eng\/2011\/12\/30\/lettera-maurizio-cattelan-ad-adriano-celentano\/#article","isPartOf":{"@id":"https:\/\/ilmondodiadriano.it\/eng\/2011\/12\/30\/lettera-maurizio-cattelan-ad-adriano-celentano\/"},"author":{"name":"comunicarlo","@id":"https:\/\/ilmondodiadriano.it\/eng\/#\/schema\/person\/0edb0be757801de8e5e24c13621a80f6"},"headline":"Maurizio Cattelan e Adriano Celentano","datePublished":"2011-12-30T15:17:09+00:00","dateModified":"2016-11-04T16:32:45+00:00","mainEntityOfPage":{"@id":"https:\/\/ilmondodiadriano.it\/eng\/2011\/12\/30\/lettera-maurizio-cattelan-ad-adriano-celentano\/"},"wordCount":1690,"image":{"@id":"https:\/\/ilmondodiadriano.it\/eng\/2011\/12\/30\/lettera-maurizio-cattelan-ad-adriano-celentano\/#primaryimage"},"thumbnailUrl":"https:\/\/ilmondodiadriano.it\/eng\/wp-content\/uploads\/2016\/11\/Epistolario.jpg","articleSection":["Articolo"],"inLanguage":"en-US"},{"@type":"WebPage","@id":"https:\/\/ilmondodiadriano.it\/eng\/2011\/12\/30\/lettera-maurizio-cattelan-ad-adriano-celentano\/","url":"https:\/\/ilmondodiadriano.it\/eng\/2011\/12\/30\/lettera-maurizio-cattelan-ad-adriano-celentano\/","name":"Maurizio Cattelan e Adriano Celentano - Il Mondo di Adriano","isPartOf":{"@id":"https:\/\/ilmondodiadriano.it\/eng\/#website"},"primaryImageOfPage":{"@id":"https:\/\/ilmondodiadriano.it\/eng\/2011\/12\/30\/lettera-maurizio-cattelan-ad-adriano-celentano\/#primaryimage"},"image":{"@id":"https:\/\/ilmondodiadriano.it\/eng\/2011\/12\/30\/lettera-maurizio-cattelan-ad-adriano-celentano\/#primaryimage"},"thumbnailUrl":"https:\/\/ilmondodiadriano.it\/eng\/wp-content\/uploads\/2016\/11\/Epistolario.jpg","datePublished":"2011-12-30T15:17:09+00:00","dateModified":"2016-11-04T16:32:45+00:00","author":{"@id":"https:\/\/ilmondodiadriano.it\/eng\/#\/schema\/person\/0edb0be757801de8e5e24c13621a80f6"},"breadcrumb":{"@id":"https:\/\/ilmondodiadriano.it\/eng\/2011\/12\/30\/lettera-maurizio-cattelan-ad-adriano-celentano\/#breadcrumb"},"inLanguage":"en-US","potentialAction":[{"@type":"ReadAction","target":["https:\/\/ilmondodiadriano.it\/eng\/2011\/12\/30\/lettera-maurizio-cattelan-ad-adriano-celentano\/"]}]},{"@type":"ImageObject","inLanguage":"en-US","@id":"https:\/\/ilmondodiadriano.it\/eng\/2011\/12\/30\/lettera-maurizio-cattelan-ad-adriano-celentano\/#primaryimage","url":"https:\/\/ilmondodiadriano.it\/eng\/wp-content\/uploads\/2016\/11\/Epistolario.jpg","contentUrl":"https:\/\/ilmondodiadriano.it\/eng\/wp-content\/uploads\/2016\/11\/Epistolario.jpg","width":640,"height":428},{"@type":"BreadcrumbList","@id":"https:\/\/ilmondodiadriano.it\/eng\/2011\/12\/30\/lettera-maurizio-cattelan-ad-adriano-celentano\/#breadcrumb","itemListElement":[{"@type":"ListItem","position":1,"name":"Home","item":"https:\/\/ilmondodiadriano.it\/eng\/"},{"@type":"ListItem","position":2,"name":"Maurizio Cattelan e Adriano Celentano"}]},{"@type":"WebSite","@id":"https:\/\/ilmondodiadriano.it\/eng\/#website","url":"https:\/\/ilmondodiadriano.it\/eng\/","name":"Il Mondo di Adriano","description":"The official Adriano Celentano website","potentialAction":[{"@type":"SearchAction","target":{"@type":"EntryPoint","urlTemplate":"https:\/\/ilmondodiadriano.it\/eng\/?s={search_term_string}"},"query-input":{"@type":"PropertyValueSpecification","valueRequired":true,"valueName":"search_term_string"}}],"inLanguage":"en-US"},{"@type":"Person","@id":"https:\/\/ilmondodiadriano.it\/eng\/#\/schema\/person\/0edb0be757801de8e5e24c13621a80f6","name":"comunicarlo","image":{"@type":"ImageObject","inLanguage":"en-US","@id":"https:\/\/ilmondodiadriano.it\/eng\/#\/schema\/person\/image\/","url":"https:\/\/secure.gravatar.com\/avatar\/7be1ad43a24535e85ba8bdebc8f87995?s=96&d=mm&r=g","contentUrl":"https:\/\/secure.gravatar.com\/avatar\/7be1ad43a24535e85ba8bdebc8f87995?s=96&d=mm&r=g","caption":"comunicarlo"},"url":"https:\/\/ilmondodiadriano.it\/eng\/author\/comunicarlo\/"}]}},"_links":{"self":[{"href":"https:\/\/ilmondodiadriano.it\/eng\/wp-json\/wp\/v2\/posts\/8702","targetHints":{"allow":["GET"]}}],"collection":[{"href":"https:\/\/ilmondodiadriano.it\/eng\/wp-json\/wp\/v2\/posts"}],"about":[{"href":"https:\/\/ilmondodiadriano.it\/eng\/wp-json\/wp\/v2\/types\/post"}],"author":[{"embeddable":true,"href":"https:\/\/ilmondodiadriano.it\/eng\/wp-json\/wp\/v2\/users\/8"}],"replies":[{"embeddable":true,"href":"https:\/\/ilmondodiadriano.it\/eng\/wp-json\/wp\/v2\/comments?post=8702"}],"version-history":[{"count":6,"href":"https:\/\/ilmondodiadriano.it\/eng\/wp-json\/wp\/v2\/posts\/8702\/revisions"}],"predecessor-version":[{"id":8716,"href":"https:\/\/ilmondodiadriano.it\/eng\/wp-json\/wp\/v2\/posts\/8702\/revisions\/8716"}],"wp:featuredmedia":[{"embeddable":true,"href":"https:\/\/ilmondodiadriano.it\/eng\/wp-json\/wp\/v2\/media\/8709"}],"wp:attachment":[{"href":"https:\/\/ilmondodiadriano.it\/eng\/wp-json\/wp\/v2\/media?parent=8702"}],"wp:term":[{"taxonomy":"category","embeddable":true,"href":"https:\/\/ilmondodiadriano.it\/eng\/wp-json\/wp\/v2\/categories?post=8702"},{"taxonomy":"post_tag","embeddable":true,"href":"https:\/\/ilmondodiadriano.it\/eng\/wp-json\/wp\/v2\/tags?post=8702"}],"curies":[{"name":"wp","href":"https:\/\/api.w.org\/{rel}","templated":true}]}}