{"id":886,"date":"2015-02-03T14:22:42","date_gmt":"2015-02-03T13:22:42","guid":{"rendered":"https:\/\/ilmondodiadriano.it\/blog\/?p=886"},"modified":"2016-10-09T20:21:56","modified_gmt":"2016-10-09T18:21:56","slug":"886","status":"publish","type":"post","link":"https:\/\/ilmondodiadriano.it\/eng\/2015\/02\/03\/886\/","title":{"rendered":"Congratulazioni Sig. Presidente!"},"content":{"rendered":"<p>Congratulazioni Sig. Presidente!<br \/>\nLei forse non lo sa, ma le ho scritto quando ancora io non la conoscevo. E sono contento che sia lei, quel signore a cui mi sono rivolto per una grazia a uno dei tanti ragazzi che sbagliano e al quale, in modo spregevole e sconsiderato, \u00e8\u00a0stata inflitta una pena cos\u00ec SPROPOSITATA che neanche agli assassini VERI viene applicata in modo cos\u00ec rigoroso.<br \/>\nQuesto ragazzo si chiama Fabrizio Corona, in carcere di massima sicurezza da pi\u00f9 di due anni. Ha gi\u00e0\u00a0duramente pagato per gli errori commessi ed \u00e8\u00a0giusto. Ma non gli si perdona quella spavalderia che \u00e8\u00a0tipica dei giovani quando ancora non sono &#8220;SAGGI&#8221;. E purtroppo questa mancanza di saggezza \u00e8\u00a0una malattia che sembra aver contagiato anche certi giudici che, nonostante l&#8217;et\u00e0 avanzata, pare abbiano perso completamente il senso della misura. Cosa, a mio parere, grave, poich\u00e9 quando ci\u00f2 accade (giovani o &#8220;giudici&#8221;) \u00e8\u00a0inevitabile l&#8217;insorgere di segni antisociali. E se il giudice ancora non si ravvede, &#8220;l&#8217;esuberante fotografo&#8221; lo ha fatto da tempo: si \u00e8\u00a0pentito, ha riconosciuto il suo mal comportamento ed\u00a0\u00e8\u00a0cambiato. Ora, se pur ancor giovane, \u00e8\u00a0un altro uomo!<\/p>\n<p>>Grazie Sig. Presidente e auguri per il grande lavoro che da oggi si accinge a svolgere per il bene del Paese!!!<\/p>\n<p>Adriano Celentano <\/p>\n","protected":false},"excerpt":{"rendered":"<p>Congratulazioni Sig. Presidente! Lei forse non lo sa, ma le ho scritto quando ancora io non la conoscevo. E sono contento che sia lei, quel signore a cui mi sono rivolto per una grazia a uno dei tanti ragazzi che sbagliano e al quale, in modo spregevole e sconsiderato, \u00e8\u00a0stata inflitta una pena cos\u00ec SPROPOSITATA [&hellip;]<\/p>\n","protected":false},"author":1,"featured_media":7990,"comment_status":"closed","ping_status":"closed","sticky":false,"template":"","format":"standard","meta":{"footnotes":""},"categories":[1],"tags":[],"class_list":["post-886","post","type-post","status-publish","format-standard","has-post-thumbnail","hentry","category-l-articolo"],"yoast_head":"<!-- This site is optimized with the Yoast SEO plugin v26.8 - https:\/\/yoast.com\/product\/yoast-seo-wordpress\/ -->\n<title>Congratulazioni Sig. Presidente! - Il Mondo di Adriano<\/title>\n<meta name=\"robots\" content=\"index, follow, max-snippet:-1, max-image-preview:large, max-video-preview:-1\" \/>\n<link rel=\"canonical\" href=\"https:\/\/ilmondodiadriano.it\/eng\/2015\/02\/03\/886\/\" \/>\n<meta property=\"og:locale\" content=\"en_US\" \/>\n<meta property=\"og:type\" content=\"article\" \/>\n<meta property=\"og:title\" content=\"Congratulazioni Sig. Presidente! - Il Mondo di Adriano\" \/>\n<meta property=\"og:description\" content=\"Congratulazioni Sig. Presidente! Lei forse non lo sa, ma le ho scritto quando ancora io non la conoscevo. E sono contento che sia lei, quel signore a cui mi sono rivolto per una grazia a uno dei tanti ragazzi che sbagliano e al quale, in modo spregevole e sconsiderato, \u00e8\u00a0stata inflitta una pena cos\u00ec SPROPOSITATA [&hellip;]\" \/>\n<meta property=\"og:url\" content=\"https:\/\/ilmondodiadriano.it\/eng\/2015\/02\/03\/886\/\" \/>\n<meta property=\"og:site_name\" content=\"Il Mondo di Adriano\" \/>\n<meta property=\"article:published_time\" content=\"2015-02-03T13:22:42+00:00\" \/>\n<meta property=\"article:modified_time\" content=\"2016-10-09T18:21:56+00:00\" \/>\n<meta property=\"og:image\" content=\"https:\/\/ilmondodiadriano.it\/eng\/wp-content\/uploads\/2016\/07\/Adrian-640.jpg\" \/>\n\t<meta property=\"og:image:width\" content=\"640\" \/>\n\t<meta property=\"og:image:height\" content=\"471\" \/>\n\t<meta property=\"og:image:type\" content=\"image\/jpeg\" \/>\n<meta name=\"author\" content=\"ac\" \/>\n<meta name=\"twitter:card\" content=\"summary_large_image\" \/>\n<meta name=\"twitter:label1\" content=\"Written by\" \/>\n\t<meta name=\"twitter:data1\" content=\"ac\" \/>\n\t<meta name=\"twitter:label2\" content=\"Est. reading time\" \/>\n\t<meta name=\"twitter:data2\" content=\"1 minute\" \/>\n<script type=\"application\/ld+json\" class=\"yoast-schema-graph\">{\"@context\":\"https:\/\/schema.org\",\"@graph\":[{\"@type\":\"Article\",\"@id\":\"https:\/\/ilmondodiadriano.it\/eng\/2015\/02\/03\/886\/#article\",\"isPartOf\":{\"@id\":\"https:\/\/ilmondodiadriano.it\/eng\/2015\/02\/03\/886\/\"},\"author\":{\"name\":\"ac\",\"@id\":\"https:\/\/ilmondodiadriano.it\/eng\/#\/schema\/person\/17e1d2baeb91b2eaca79e823e1071a37\"},\"headline\":\"Congratulazioni Sig. Presidente!\",\"datePublished\":\"2015-02-03T13:22:42+00:00\",\"dateModified\":\"2016-10-09T18:21:56+00:00\",\"mainEntityOfPage\":{\"@id\":\"https:\/\/ilmondodiadriano.it\/eng\/2015\/02\/03\/886\/\"},\"wordCount\":211,\"image\":{\"@id\":\"https:\/\/ilmondodiadriano.it\/eng\/2015\/02\/03\/886\/#primaryimage\"},\"thumbnailUrl\":\"https:\/\/ilmondodiadriano.it\/eng\/wp-content\/uploads\/2016\/07\/Adrian-640.jpg\",\"articleSection\":[\"Articolo\"],\"inLanguage\":\"en-US\"},{\"@type\":\"WebPage\",\"@id\":\"https:\/\/ilmondodiadriano.it\/eng\/2015\/02\/03\/886\/\",\"url\":\"https:\/\/ilmondodiadriano.it\/eng\/2015\/02\/03\/886\/\",\"name\":\"Congratulazioni Sig. Presidente! - Il Mondo di Adriano\",\"isPartOf\":{\"@id\":\"https:\/\/ilmondodiadriano.it\/eng\/#website\"},\"primaryImageOfPage\":{\"@id\":\"https:\/\/ilmondodiadriano.it\/eng\/2015\/02\/03\/886\/#primaryimage\"},\"image\":{\"@id\":\"https:\/\/ilmondodiadriano.it\/eng\/2015\/02\/03\/886\/#primaryimage\"},\"thumbnailUrl\":\"https:\/\/ilmondodiadriano.it\/eng\/wp-content\/uploads\/2016\/07\/Adrian-640.jpg\",\"datePublished\":\"2015-02-03T13:22:42+00:00\",\"dateModified\":\"2016-10-09T18:21:56+00:00\",\"author\":{\"@id\":\"https:\/\/ilmondodiadriano.it\/eng\/#\/schema\/person\/17e1d2baeb91b2eaca79e823e1071a37\"},\"breadcrumb\":{\"@id\":\"https:\/\/ilmondodiadriano.it\/eng\/2015\/02\/03\/886\/#breadcrumb\"},\"inLanguage\":\"en-US\",\"potentialAction\":[{\"@type\":\"ReadAction\",\"target\":[\"https:\/\/ilmondodiadriano.it\/eng\/2015\/02\/03\/886\/\"]}]},{\"@type\":\"ImageObject\",\"inLanguage\":\"en-US\",\"@id\":\"https:\/\/ilmondodiadriano.it\/eng\/2015\/02\/03\/886\/#primaryimage\",\"url\":\"https:\/\/ilmondodiadriano.it\/eng\/wp-content\/uploads\/2016\/07\/Adrian-640.jpg\",\"contentUrl\":\"https:\/\/ilmondodiadriano.it\/eng\/wp-content\/uploads\/2016\/07\/Adrian-640.jpg\",\"width\":640,\"height\":471},{\"@type\":\"BreadcrumbList\",\"@id\":\"https:\/\/ilmondodiadriano.it\/eng\/2015\/02\/03\/886\/#breadcrumb\",\"itemListElement\":[{\"@type\":\"ListItem\",\"position\":1,\"name\":\"Home\",\"item\":\"https:\/\/ilmondodiadriano.it\/eng\/\"},{\"@type\":\"ListItem\",\"position\":2,\"name\":\"Congratulazioni Sig. Presidente!\"}]},{\"@type\":\"WebSite\",\"@id\":\"https:\/\/ilmondodiadriano.it\/eng\/#website\",\"url\":\"https:\/\/ilmondodiadriano.it\/eng\/\",\"name\":\"Il Mondo di Adriano\",\"description\":\"The official Adriano Celentano website\",\"potentialAction\":[{\"@type\":\"SearchAction\",\"target\":{\"@type\":\"EntryPoint\",\"urlTemplate\":\"https:\/\/ilmondodiadriano.it\/eng\/?s={search_term_string}\"},\"query-input\":{\"@type\":\"PropertyValueSpecification\",\"valueRequired\":true,\"valueName\":\"search_term_string\"}}],\"inLanguage\":\"en-US\"},{\"@type\":\"Person\",\"@id\":\"https:\/\/ilmondodiadriano.it\/eng\/#\/schema\/person\/17e1d2baeb91b2eaca79e823e1071a37\",\"name\":\"ac\",\"image\":{\"@type\":\"ImageObject\",\"inLanguage\":\"en-US\",\"@id\":\"https:\/\/ilmondodiadriano.it\/eng\/#\/schema\/person\/image\/\",\"url\":\"https:\/\/secure.gravatar.com\/avatar\/21349271868ddc52cdfe3be60c0f62e4?s=96&d=mm&r=g\",\"contentUrl\":\"https:\/\/secure.gravatar.com\/avatar\/21349271868ddc52cdfe3be60c0f62e4?s=96&d=mm&r=g\",\"caption\":\"ac\"},\"url\":\"https:\/\/ilmondodiadriano.it\/eng\/author\/ac\/\"}]}<\/script>\n<!-- \/ Yoast SEO plugin. -->","yoast_head_json":{"title":"Congratulazioni Sig. Presidente! - Il Mondo di Adriano","robots":{"index":"index","follow":"follow","max-snippet":"max-snippet:-1","max-image-preview":"max-image-preview:large","max-video-preview":"max-video-preview:-1"},"canonical":"https:\/\/ilmondodiadriano.it\/eng\/2015\/02\/03\/886\/","og_locale":"en_US","og_type":"article","og_title":"Congratulazioni Sig. Presidente! - Il Mondo di Adriano","og_description":"Congratulazioni Sig. Presidente! Lei forse non lo sa, ma le ho scritto quando ancora io non la conoscevo. E sono contento che sia lei, quel signore a cui mi sono rivolto per una grazia a uno dei tanti ragazzi che sbagliano e al quale, in modo spregevole e sconsiderato, \u00e8\u00a0stata inflitta una pena cos\u00ec SPROPOSITATA [&hellip;]","og_url":"https:\/\/ilmondodiadriano.it\/eng\/2015\/02\/03\/886\/","og_site_name":"Il Mondo di Adriano","article_published_time":"2015-02-03T13:22:42+00:00","article_modified_time":"2016-10-09T18:21:56+00:00","og_image":[{"width":640,"height":471,"url":"https:\/\/ilmondodiadriano.it\/eng\/wp-content\/uploads\/2016\/07\/Adrian-640.jpg","type":"image\/jpeg"}],"author":"ac","twitter_card":"summary_large_image","twitter_misc":{"Written by":"ac","Est. reading time":"1 minute"},"schema":{"@context":"https:\/\/schema.org","@graph":[{"@type":"Article","@id":"https:\/\/ilmondodiadriano.it\/eng\/2015\/02\/03\/886\/#article","isPartOf":{"@id":"https:\/\/ilmondodiadriano.it\/eng\/2015\/02\/03\/886\/"},"author":{"name":"ac","@id":"https:\/\/ilmondodiadriano.it\/eng\/#\/schema\/person\/17e1d2baeb91b2eaca79e823e1071a37"},"headline":"Congratulazioni Sig. Presidente!","datePublished":"2015-02-03T13:22:42+00:00","dateModified":"2016-10-09T18:21:56+00:00","mainEntityOfPage":{"@id":"https:\/\/ilmondodiadriano.it\/eng\/2015\/02\/03\/886\/"},"wordCount":211,"image":{"@id":"https:\/\/ilmondodiadriano.it\/eng\/2015\/02\/03\/886\/#primaryimage"},"thumbnailUrl":"https:\/\/ilmondodiadriano.it\/eng\/wp-content\/uploads\/2016\/07\/Adrian-640.jpg","articleSection":["Articolo"],"inLanguage":"en-US"},{"@type":"WebPage","@id":"https:\/\/ilmondodiadriano.it\/eng\/2015\/02\/03\/886\/","url":"https:\/\/ilmondodiadriano.it\/eng\/2015\/02\/03\/886\/","name":"Congratulazioni Sig. Presidente! - Il Mondo di Adriano","isPartOf":{"@id":"https:\/\/ilmondodiadriano.it\/eng\/#website"},"primaryImageOfPage":{"@id":"https:\/\/ilmondodiadriano.it\/eng\/2015\/02\/03\/886\/#primaryimage"},"image":{"@id":"https:\/\/ilmondodiadriano.it\/eng\/2015\/02\/03\/886\/#primaryimage"},"thumbnailUrl":"https:\/\/ilmondodiadriano.it\/eng\/wp-content\/uploads\/2016\/07\/Adrian-640.jpg","datePublished":"2015-02-03T13:22:42+00:00","dateModified":"2016-10-09T18:21:56+00:00","author":{"@id":"https:\/\/ilmondodiadriano.it\/eng\/#\/schema\/person\/17e1d2baeb91b2eaca79e823e1071a37"},"breadcrumb":{"@id":"https:\/\/ilmondodiadriano.it\/eng\/2015\/02\/03\/886\/#breadcrumb"},"inLanguage":"en-US","potentialAction":[{"@type":"ReadAction","target":["https:\/\/ilmondodiadriano.it\/eng\/2015\/02\/03\/886\/"]}]},{"@type":"ImageObject","inLanguage":"en-US","@id":"https:\/\/ilmondodiadriano.it\/eng\/2015\/02\/03\/886\/#primaryimage","url":"https:\/\/ilmondodiadriano.it\/eng\/wp-content\/uploads\/2016\/07\/Adrian-640.jpg","contentUrl":"https:\/\/ilmondodiadriano.it\/eng\/wp-content\/uploads\/2016\/07\/Adrian-640.jpg","width":640,"height":471},{"@type":"BreadcrumbList","@id":"https:\/\/ilmondodiadriano.it\/eng\/2015\/02\/03\/886\/#breadcrumb","itemListElement":[{"@type":"ListItem","position":1,"name":"Home","item":"https:\/\/ilmondodiadriano.it\/eng\/"},{"@type":"ListItem","position":2,"name":"Congratulazioni Sig. Presidente!"}]},{"@type":"WebSite","@id":"https:\/\/ilmondodiadriano.it\/eng\/#website","url":"https:\/\/ilmondodiadriano.it\/eng\/","name":"Il Mondo di Adriano","description":"The official Adriano Celentano website","potentialAction":[{"@type":"SearchAction","target":{"@type":"EntryPoint","urlTemplate":"https:\/\/ilmondodiadriano.it\/eng\/?s={search_term_string}"},"query-input":{"@type":"PropertyValueSpecification","valueRequired":true,"valueName":"search_term_string"}}],"inLanguage":"en-US"},{"@type":"Person","@id":"https:\/\/ilmondodiadriano.it\/eng\/#\/schema\/person\/17e1d2baeb91b2eaca79e823e1071a37","name":"ac","image":{"@type":"ImageObject","inLanguage":"en-US","@id":"https:\/\/ilmondodiadriano.it\/eng\/#\/schema\/person\/image\/","url":"https:\/\/secure.gravatar.com\/avatar\/21349271868ddc52cdfe3be60c0f62e4?s=96&d=mm&r=g","contentUrl":"https:\/\/secure.gravatar.com\/avatar\/21349271868ddc52cdfe3be60c0f62e4?s=96&d=mm&r=g","caption":"ac"},"url":"https:\/\/ilmondodiadriano.it\/eng\/author\/ac\/"}]}},"_links":{"self":[{"href":"https:\/\/ilmondodiadriano.it\/eng\/wp-json\/wp\/v2\/posts\/886","targetHints":{"allow":["GET"]}}],"collection":[{"href":"https:\/\/ilmondodiadriano.it\/eng\/wp-json\/wp\/v2\/posts"}],"about":[{"href":"https:\/\/ilmondodiadriano.it\/eng\/wp-json\/wp\/v2\/types\/post"}],"author":[{"embeddable":true,"href":"https:\/\/ilmondodiadriano.it\/eng\/wp-json\/wp\/v2\/users\/1"}],"replies":[{"embeddable":true,"href":"https:\/\/ilmondodiadriano.it\/eng\/wp-json\/wp\/v2\/comments?post=886"}],"version-history":[{"count":5,"href":"https:\/\/ilmondodiadriano.it\/eng\/wp-json\/wp\/v2\/posts\/886\/revisions"}],"predecessor-version":[{"id":7327,"href":"https:\/\/ilmondodiadriano.it\/eng\/wp-json\/wp\/v2\/posts\/886\/revisions\/7327"}],"wp:featuredmedia":[{"embeddable":true,"href":"https:\/\/ilmondodiadriano.it\/eng\/wp-json\/wp\/v2\/media\/7990"}],"wp:attachment":[{"href":"https:\/\/ilmondodiadriano.it\/eng\/wp-json\/wp\/v2\/media?parent=886"}],"wp:term":[{"taxonomy":"category","embeddable":true,"href":"https:\/\/ilmondodiadriano.it\/eng\/wp-json\/wp\/v2\/categories?post=886"},{"taxonomy":"post_tag","embeddable":true,"href":"https:\/\/ilmondodiadriano.it\/eng\/wp-json\/wp\/v2\/tags?post=886"}],"curies":[{"name":"wp","href":"https:\/\/api.w.org\/{rel}","templated":true}]}}