{"id":895,"date":"2015-03-09T17:18:48","date_gmt":"2015-03-09T16:18:48","guid":{"rendered":"https:\/\/ilmondodiadriano.it\/blog\/?p=895"},"modified":"2016-10-09T20:21:16","modified_gmt":"2016-10-09T18:21:16","slug":"un-articolo-di-adriano-celentano","status":"publish","type":"post","link":"https:\/\/ilmondodiadriano.it\/eng\/2015\/03\/09\/un-articolo-di-adriano-celentano\/","title":{"rendered":"La fine degli imbecilli"},"content":{"rendered":"<p>Ha ragione Buttafuoco quando dice che il Papa &#8220;non indica un inizio ma il segno della fine&#8221;. Infatti indica la fine degli imbecilli e di quelli che, come l&#8217;avvilito Buttafuoco, rosicano di fronte alla schiacciante sconfitta che gli &#8220;intellettual-farisaici&#8221; del nostro tempo, ancora una volta come allora, niente possono contro i puri di cuore. E Pa&#8217; Francesco \u00e8\u00a0uno di questi.\u00a0<br \/>\nUn AMORE, quello dei puri o di chiunque voglia intraprendere la via della semplicit\u00e0, che neanche l&#8217;aberrante malvagit\u00e0 di quei &#8220;CHIODI&#8221; sulla CROCE, hanno potuto minimamente scalfire.\u00a0<br \/>\nMa &#8220;Butta-cazzate&#8221; non demorde. Specie quando parla del Papa: &#8220;attento in ogni sua azione &#8211; aggiunge &#8211; solo per ricavarne il plauso che volge in parodia&#8221;. E&#8217; persino scontato il volgare e quanto mai grossolano errore da parte di chi \u00e8\u00a0convinto di sapere. Certo \u00e8\u00a0difficile credere che anche il Papa, come tutti gli esseri umani, non provi un certo piacere nel ricevere il plauso del popolo. Guai se cos\u00ec non fosse. Poich\u00e9 quel plauso di cui tu sparli, non \u00e8\u00a0soltanto un incoraggiamento a non fermare i passi di una rivoluzione da lui iniziata fin dal suo primo &#8220;buonasera!&#8221;, ma cosa pi\u00f9\u00a0importante e direi vitale, ha il grande compito di scatenare quel &#8220;fuoco&#8221; che mentre, nel tuo cognome \u00e8\u00a0mal riposto, nella testa di ognuno di noi libera invece le cosiddette Endorfine, le quali sono in grado di procurare uno stato di euforia necessaria a poter gioire quel tanto che basta per non smettere di lottare.<br \/>\nSpecie quando la lotta, oggi pi\u00f9 che mai, si fa sempre pi\u00f9 dura. Ecco perch\u00e9 il Papa ci chiede sempre di pregare per lui.<\/p>\n<p>Adriano<\/p>\n","protected":false},"excerpt":{"rendered":"<p>Ha ragione Buttafuoco quando dice che il Papa &#8220;non indica un inizio ma il segno della fine&#8221;. Infatti indica la fine degli imbecilli e di quelli che, come l&#8217;avvilito Buttafuoco, rosicano di fronte alla schiacciante sconfitta che gli &#8220;intellettual-farisaici&#8221; del nostro tempo, ancora una volta come allora, niente possono contro i puri di cuore. E [&hellip;]<\/p>\n","protected":false},"author":1,"featured_media":7990,"comment_status":"closed","ping_status":"closed","sticky":false,"template":"","format":"standard","meta":{"footnotes":""},"categories":[1],"tags":[],"class_list":["post-895","post","type-post","status-publish","format-standard","has-post-thumbnail","hentry","category-l-articolo"],"yoast_head":"<!-- This site is optimized with the Yoast SEO plugin v26.8 - https:\/\/yoast.com\/product\/yoast-seo-wordpress\/ -->\n<title>La fine degli imbecilli - Il Mondo di Adriano<\/title>\n<meta name=\"robots\" content=\"index, follow, max-snippet:-1, max-image-preview:large, max-video-preview:-1\" \/>\n<link rel=\"canonical\" href=\"https:\/\/ilmondodiadriano.it\/eng\/2015\/03\/09\/un-articolo-di-adriano-celentano\/\" \/>\n<meta property=\"og:locale\" content=\"en_US\" \/>\n<meta property=\"og:type\" content=\"article\" \/>\n<meta property=\"og:title\" content=\"La fine degli imbecilli - Il Mondo di Adriano\" \/>\n<meta property=\"og:description\" content=\"Ha ragione Buttafuoco quando dice che il Papa &#8220;non indica un inizio ma il segno della fine&#8221;. Infatti indica la fine degli imbecilli e di quelli che, come l&#8217;avvilito Buttafuoco, rosicano di fronte alla schiacciante sconfitta che gli &#8220;intellettual-farisaici&#8221; del nostro tempo, ancora una volta come allora, niente possono contro i puri di cuore. E [&hellip;]\" \/>\n<meta property=\"og:url\" content=\"https:\/\/ilmondodiadriano.it\/eng\/2015\/03\/09\/un-articolo-di-adriano-celentano\/\" \/>\n<meta property=\"og:site_name\" content=\"Il Mondo di Adriano\" \/>\n<meta property=\"article:published_time\" content=\"2015-03-09T16:18:48+00:00\" \/>\n<meta property=\"article:modified_time\" content=\"2016-10-09T18:21:16+00:00\" \/>\n<meta property=\"og:image\" content=\"https:\/\/ilmondodiadriano.it\/eng\/wp-content\/uploads\/2016\/07\/Adrian-640.jpg\" \/>\n\t<meta property=\"og:image:width\" content=\"640\" \/>\n\t<meta property=\"og:image:height\" content=\"471\" \/>\n\t<meta property=\"og:image:type\" content=\"image\/jpeg\" \/>\n<meta name=\"author\" content=\"ac\" \/>\n<meta name=\"twitter:card\" content=\"summary_large_image\" \/>\n<meta name=\"twitter:label1\" content=\"Written by\" \/>\n\t<meta name=\"twitter:data1\" content=\"ac\" \/>\n\t<meta name=\"twitter:label2\" content=\"Est. reading time\" \/>\n\t<meta name=\"twitter:data2\" content=\"1 minute\" \/>\n<script type=\"application\/ld+json\" class=\"yoast-schema-graph\">{\"@context\":\"https:\/\/schema.org\",\"@graph\":[{\"@type\":\"Article\",\"@id\":\"https:\/\/ilmondodiadriano.it\/eng\/2015\/03\/09\/un-articolo-di-adriano-celentano\/#article\",\"isPartOf\":{\"@id\":\"https:\/\/ilmondodiadriano.it\/eng\/2015\/03\/09\/un-articolo-di-adriano-celentano\/\"},\"author\":{\"name\":\"ac\",\"@id\":\"https:\/\/ilmondodiadriano.it\/eng\/#\/schema\/person\/17e1d2baeb91b2eaca79e823e1071a37\"},\"headline\":\"La fine degli imbecilli\",\"datePublished\":\"2015-03-09T16:18:48+00:00\",\"dateModified\":\"2016-10-09T18:21:16+00:00\",\"mainEntityOfPage\":{\"@id\":\"https:\/\/ilmondodiadriano.it\/eng\/2015\/03\/09\/un-articolo-di-adriano-celentano\/\"},\"wordCount\":271,\"image\":{\"@id\":\"https:\/\/ilmondodiadriano.it\/eng\/2015\/03\/09\/un-articolo-di-adriano-celentano\/#primaryimage\"},\"thumbnailUrl\":\"https:\/\/ilmondodiadriano.it\/eng\/wp-content\/uploads\/2016\/07\/Adrian-640.jpg\",\"articleSection\":[\"Articolo\"],\"inLanguage\":\"en-US\"},{\"@type\":\"WebPage\",\"@id\":\"https:\/\/ilmondodiadriano.it\/eng\/2015\/03\/09\/un-articolo-di-adriano-celentano\/\",\"url\":\"https:\/\/ilmondodiadriano.it\/eng\/2015\/03\/09\/un-articolo-di-adriano-celentano\/\",\"name\":\"La fine degli imbecilli - Il Mondo di Adriano\",\"isPartOf\":{\"@id\":\"https:\/\/ilmondodiadriano.it\/eng\/#website\"},\"primaryImageOfPage\":{\"@id\":\"https:\/\/ilmondodiadriano.it\/eng\/2015\/03\/09\/un-articolo-di-adriano-celentano\/#primaryimage\"},\"image\":{\"@id\":\"https:\/\/ilmondodiadriano.it\/eng\/2015\/03\/09\/un-articolo-di-adriano-celentano\/#primaryimage\"},\"thumbnailUrl\":\"https:\/\/ilmondodiadriano.it\/eng\/wp-content\/uploads\/2016\/07\/Adrian-640.jpg\",\"datePublished\":\"2015-03-09T16:18:48+00:00\",\"dateModified\":\"2016-10-09T18:21:16+00:00\",\"author\":{\"@id\":\"https:\/\/ilmondodiadriano.it\/eng\/#\/schema\/person\/17e1d2baeb91b2eaca79e823e1071a37\"},\"breadcrumb\":{\"@id\":\"https:\/\/ilmondodiadriano.it\/eng\/2015\/03\/09\/un-articolo-di-adriano-celentano\/#breadcrumb\"},\"inLanguage\":\"en-US\",\"potentialAction\":[{\"@type\":\"ReadAction\",\"target\":[\"https:\/\/ilmondodiadriano.it\/eng\/2015\/03\/09\/un-articolo-di-adriano-celentano\/\"]}]},{\"@type\":\"ImageObject\",\"inLanguage\":\"en-US\",\"@id\":\"https:\/\/ilmondodiadriano.it\/eng\/2015\/03\/09\/un-articolo-di-adriano-celentano\/#primaryimage\",\"url\":\"https:\/\/ilmondodiadriano.it\/eng\/wp-content\/uploads\/2016\/07\/Adrian-640.jpg\",\"contentUrl\":\"https:\/\/ilmondodiadriano.it\/eng\/wp-content\/uploads\/2016\/07\/Adrian-640.jpg\",\"width\":640,\"height\":471},{\"@type\":\"BreadcrumbList\",\"@id\":\"https:\/\/ilmondodiadriano.it\/eng\/2015\/03\/09\/un-articolo-di-adriano-celentano\/#breadcrumb\",\"itemListElement\":[{\"@type\":\"ListItem\",\"position\":1,\"name\":\"Home\",\"item\":\"https:\/\/ilmondodiadriano.it\/eng\/\"},{\"@type\":\"ListItem\",\"position\":2,\"name\":\"La fine degli imbecilli\"}]},{\"@type\":\"WebSite\",\"@id\":\"https:\/\/ilmondodiadriano.it\/eng\/#website\",\"url\":\"https:\/\/ilmondodiadriano.it\/eng\/\",\"name\":\"Il Mondo di Adriano\",\"description\":\"The official Adriano Celentano website\",\"potentialAction\":[{\"@type\":\"SearchAction\",\"target\":{\"@type\":\"EntryPoint\",\"urlTemplate\":\"https:\/\/ilmondodiadriano.it\/eng\/?s={search_term_string}\"},\"query-input\":{\"@type\":\"PropertyValueSpecification\",\"valueRequired\":true,\"valueName\":\"search_term_string\"}}],\"inLanguage\":\"en-US\"},{\"@type\":\"Person\",\"@id\":\"https:\/\/ilmondodiadriano.it\/eng\/#\/schema\/person\/17e1d2baeb91b2eaca79e823e1071a37\",\"name\":\"ac\",\"image\":{\"@type\":\"ImageObject\",\"inLanguage\":\"en-US\",\"@id\":\"https:\/\/ilmondodiadriano.it\/eng\/#\/schema\/person\/image\/\",\"url\":\"https:\/\/secure.gravatar.com\/avatar\/21349271868ddc52cdfe3be60c0f62e4?s=96&d=mm&r=g\",\"contentUrl\":\"https:\/\/secure.gravatar.com\/avatar\/21349271868ddc52cdfe3be60c0f62e4?s=96&d=mm&r=g\",\"caption\":\"ac\"},\"url\":\"https:\/\/ilmondodiadriano.it\/eng\/author\/ac\/\"}]}<\/script>\n<!-- \/ Yoast SEO plugin. -->","yoast_head_json":{"title":"La fine degli imbecilli - Il Mondo di Adriano","robots":{"index":"index","follow":"follow","max-snippet":"max-snippet:-1","max-image-preview":"max-image-preview:large","max-video-preview":"max-video-preview:-1"},"canonical":"https:\/\/ilmondodiadriano.it\/eng\/2015\/03\/09\/un-articolo-di-adriano-celentano\/","og_locale":"en_US","og_type":"article","og_title":"La fine degli imbecilli - Il Mondo di Adriano","og_description":"Ha ragione Buttafuoco quando dice che il Papa &#8220;non indica un inizio ma il segno della fine&#8221;. Infatti indica la fine degli imbecilli e di quelli che, come l&#8217;avvilito Buttafuoco, rosicano di fronte alla schiacciante sconfitta che gli &#8220;intellettual-farisaici&#8221; del nostro tempo, ancora una volta come allora, niente possono contro i puri di cuore. E [&hellip;]","og_url":"https:\/\/ilmondodiadriano.it\/eng\/2015\/03\/09\/un-articolo-di-adriano-celentano\/","og_site_name":"Il Mondo di Adriano","article_published_time":"2015-03-09T16:18:48+00:00","article_modified_time":"2016-10-09T18:21:16+00:00","og_image":[{"width":640,"height":471,"url":"https:\/\/ilmondodiadriano.it\/eng\/wp-content\/uploads\/2016\/07\/Adrian-640.jpg","type":"image\/jpeg"}],"author":"ac","twitter_card":"summary_large_image","twitter_misc":{"Written by":"ac","Est. reading time":"1 minute"},"schema":{"@context":"https:\/\/schema.org","@graph":[{"@type":"Article","@id":"https:\/\/ilmondodiadriano.it\/eng\/2015\/03\/09\/un-articolo-di-adriano-celentano\/#article","isPartOf":{"@id":"https:\/\/ilmondodiadriano.it\/eng\/2015\/03\/09\/un-articolo-di-adriano-celentano\/"},"author":{"name":"ac","@id":"https:\/\/ilmondodiadriano.it\/eng\/#\/schema\/person\/17e1d2baeb91b2eaca79e823e1071a37"},"headline":"La fine degli imbecilli","datePublished":"2015-03-09T16:18:48+00:00","dateModified":"2016-10-09T18:21:16+00:00","mainEntityOfPage":{"@id":"https:\/\/ilmondodiadriano.it\/eng\/2015\/03\/09\/un-articolo-di-adriano-celentano\/"},"wordCount":271,"image":{"@id":"https:\/\/ilmondodiadriano.it\/eng\/2015\/03\/09\/un-articolo-di-adriano-celentano\/#primaryimage"},"thumbnailUrl":"https:\/\/ilmondodiadriano.it\/eng\/wp-content\/uploads\/2016\/07\/Adrian-640.jpg","articleSection":["Articolo"],"inLanguage":"en-US"},{"@type":"WebPage","@id":"https:\/\/ilmondodiadriano.it\/eng\/2015\/03\/09\/un-articolo-di-adriano-celentano\/","url":"https:\/\/ilmondodiadriano.it\/eng\/2015\/03\/09\/un-articolo-di-adriano-celentano\/","name":"La fine degli imbecilli - Il Mondo di Adriano","isPartOf":{"@id":"https:\/\/ilmondodiadriano.it\/eng\/#website"},"primaryImageOfPage":{"@id":"https:\/\/ilmondodiadriano.it\/eng\/2015\/03\/09\/un-articolo-di-adriano-celentano\/#primaryimage"},"image":{"@id":"https:\/\/ilmondodiadriano.it\/eng\/2015\/03\/09\/un-articolo-di-adriano-celentano\/#primaryimage"},"thumbnailUrl":"https:\/\/ilmondodiadriano.it\/eng\/wp-content\/uploads\/2016\/07\/Adrian-640.jpg","datePublished":"2015-03-09T16:18:48+00:00","dateModified":"2016-10-09T18:21:16+00:00","author":{"@id":"https:\/\/ilmondodiadriano.it\/eng\/#\/schema\/person\/17e1d2baeb91b2eaca79e823e1071a37"},"breadcrumb":{"@id":"https:\/\/ilmondodiadriano.it\/eng\/2015\/03\/09\/un-articolo-di-adriano-celentano\/#breadcrumb"},"inLanguage":"en-US","potentialAction":[{"@type":"ReadAction","target":["https:\/\/ilmondodiadriano.it\/eng\/2015\/03\/09\/un-articolo-di-adriano-celentano\/"]}]},{"@type":"ImageObject","inLanguage":"en-US","@id":"https:\/\/ilmondodiadriano.it\/eng\/2015\/03\/09\/un-articolo-di-adriano-celentano\/#primaryimage","url":"https:\/\/ilmondodiadriano.it\/eng\/wp-content\/uploads\/2016\/07\/Adrian-640.jpg","contentUrl":"https:\/\/ilmondodiadriano.it\/eng\/wp-content\/uploads\/2016\/07\/Adrian-640.jpg","width":640,"height":471},{"@type":"BreadcrumbList","@id":"https:\/\/ilmondodiadriano.it\/eng\/2015\/03\/09\/un-articolo-di-adriano-celentano\/#breadcrumb","itemListElement":[{"@type":"ListItem","position":1,"name":"Home","item":"https:\/\/ilmondodiadriano.it\/eng\/"},{"@type":"ListItem","position":2,"name":"La fine degli imbecilli"}]},{"@type":"WebSite","@id":"https:\/\/ilmondodiadriano.it\/eng\/#website","url":"https:\/\/ilmondodiadriano.it\/eng\/","name":"Il Mondo di Adriano","description":"The official Adriano Celentano website","potentialAction":[{"@type":"SearchAction","target":{"@type":"EntryPoint","urlTemplate":"https:\/\/ilmondodiadriano.it\/eng\/?s={search_term_string}"},"query-input":{"@type":"PropertyValueSpecification","valueRequired":true,"valueName":"search_term_string"}}],"inLanguage":"en-US"},{"@type":"Person","@id":"https:\/\/ilmondodiadriano.it\/eng\/#\/schema\/person\/17e1d2baeb91b2eaca79e823e1071a37","name":"ac","image":{"@type":"ImageObject","inLanguage":"en-US","@id":"https:\/\/ilmondodiadriano.it\/eng\/#\/schema\/person\/image\/","url":"https:\/\/secure.gravatar.com\/avatar\/21349271868ddc52cdfe3be60c0f62e4?s=96&d=mm&r=g","contentUrl":"https:\/\/secure.gravatar.com\/avatar\/21349271868ddc52cdfe3be60c0f62e4?s=96&d=mm&r=g","caption":"ac"},"url":"https:\/\/ilmondodiadriano.it\/eng\/author\/ac\/"}]}},"_links":{"self":[{"href":"https:\/\/ilmondodiadriano.it\/eng\/wp-json\/wp\/v2\/posts\/895","targetHints":{"allow":["GET"]}}],"collection":[{"href":"https:\/\/ilmondodiadriano.it\/eng\/wp-json\/wp\/v2\/posts"}],"about":[{"href":"https:\/\/ilmondodiadriano.it\/eng\/wp-json\/wp\/v2\/types\/post"}],"author":[{"embeddable":true,"href":"https:\/\/ilmondodiadriano.it\/eng\/wp-json\/wp\/v2\/users\/1"}],"replies":[{"embeddable":true,"href":"https:\/\/ilmondodiadriano.it\/eng\/wp-json\/wp\/v2\/comments?post=895"}],"version-history":[{"count":4,"href":"https:\/\/ilmondodiadriano.it\/eng\/wp-json\/wp\/v2\/posts\/895\/revisions"}],"predecessor-version":[{"id":7326,"href":"https:\/\/ilmondodiadriano.it\/eng\/wp-json\/wp\/v2\/posts\/895\/revisions\/7326"}],"wp:featuredmedia":[{"embeddable":true,"href":"https:\/\/ilmondodiadriano.it\/eng\/wp-json\/wp\/v2\/media\/7990"}],"wp:attachment":[{"href":"https:\/\/ilmondodiadriano.it\/eng\/wp-json\/wp\/v2\/media?parent=895"}],"wp:term":[{"taxonomy":"category","embeddable":true,"href":"https:\/\/ilmondodiadriano.it\/eng\/wp-json\/wp\/v2\/categories?post=895"},{"taxonomy":"post_tag","embeddable":true,"href":"https:\/\/ilmondodiadriano.it\/eng\/wp-json\/wp\/v2\/tags?post=895"}],"curies":[{"name":"wp","href":"https:\/\/api.w.org\/{rel}","templated":true}]}}