{"id":9015,"date":"2017-02-07T17:58:19","date_gmt":"2017-02-07T16:58:19","guid":{"rendered":"https:\/\/ilmondodiadriano.it\/?p=9015"},"modified":"2025-01-14T12:30:36","modified_gmt":"2025-01-14T11:30:36","slug":"la-verita","status":"publish","type":"post","link":"https:\/\/ilmondodiadriano.it\/eng\/2017\/02\/07\/la-verita\/","title":{"rendered":"LA VERIT\u00c0"},"content":{"rendered":"<p>Caro Andrea Fabiano di Rai 1, non mi piace per niente il modo di come \u00e8 stata divulgata alla stampa la VERIT\u00c0 sulla messa in onda delle due serate dedicate a &#8220;Mina-Celentano&#8221; previste in primavera. Le cose sono andate semplicemente cos\u00ec e tu lo sai: la settimana scorsa dissi a Claudia di fare due telefonate: la prima alla Rai e subito dopo a Mina o a Massimiliano Pani per metterli al corrente di quanto avevo deciso. E quindi spiegare a entrambi le ragioni del mio ripensamento dovuto esclusivamente a una forma di rispetto nei riguardi del pubblico. E lei, cos\u00ec fece. Dopo lo speciale andato in onda lo scorso 12 dicembre, pur premiato da un inaspettato 20% di Share, mettere in piedi altri due spettacoli live dove ne&#8217; io, ne&#8217; Mina saremmo fisicamente presenti, mi sembrava di forzare la mano, nonostante questa volta l&#8217;assenza delle &#8220;MIGLIORI&#8221; sarebbe stata compensata da grossi nomi dello spettacolo non solo italiani ma anche stranieri, che per quanto grossi, a mio parere, si sarebbero trovati alle prese con un titolo sbagliato come &#8220;Mina-Celentano&#8221;. Senza contare poi la marea di Spot che avrebbe preceduto &#8220;l&#8217;arrogante spettacolo&#8221; di chi non c&#8217;\u00e8. Questa \u00e8 la verit\u00e0 dei fatti. Certo, mi rendo conto che rifiutare due prime serate su Rai 1 con tutto l&#8217;apporto pubblicitario che ne conseguirebbe a beneficio del disco, per qualcuno \u00e8 uno scandalo. Ma il disco si sa, arriva sempre dopo la &#8220;verit\u00e0&#8221;.<br \/>\nAdriano Celentano<\/p>\n","protected":false},"excerpt":{"rendered":"<p>Caro Andrea Fabiano di Rai 1, non mi piace per niente il modo di come \u00e8 stata divulgata alla stampa la VERIT\u00c0 sulla messa in onda delle due serate dedicate a &#8220;Mina-Celentano&#8221; previste in primavera. Le cose sono andate semplicemente cos\u00ec e tu lo sai: la settimana scorsa dissi a Claudia di fare due telefonate: [&hellip;]<\/p>\n","protected":false},"author":8,"featured_media":9017,"comment_status":"closed","ping_status":"open","sticky":false,"template":"","format":"standard","meta":{"footnotes":""},"categories":[1],"tags":[],"class_list":["post-9015","post","type-post","status-publish","format-standard","has-post-thumbnail","hentry","category-l-articolo"],"yoast_head":"<!-- This site is optimized with the Yoast SEO plugin v26.8 - https:\/\/yoast.com\/product\/yoast-seo-wordpress\/ -->\n<title>LA VERIT\u00c0 - Il Mondo di Adriano<\/title>\n<meta name=\"robots\" content=\"index, follow, max-snippet:-1, max-image-preview:large, max-video-preview:-1\" \/>\n<link rel=\"canonical\" href=\"https:\/\/ilmondodiadriano.it\/eng\/2017\/02\/07\/la-verita\/\" \/>\n<meta property=\"og:locale\" content=\"en_US\" \/>\n<meta property=\"og:type\" content=\"article\" \/>\n<meta property=\"og:title\" content=\"LA VERIT\u00c0 - Il Mondo di Adriano\" \/>\n<meta property=\"og:description\" content=\"Caro Andrea Fabiano di Rai 1, non mi piace per niente il modo di come \u00e8 stata divulgata alla stampa la VERIT\u00c0 sulla messa in onda delle due serate dedicate a &#8220;Mina-Celentano&#8221; previste in primavera. Le cose sono andate semplicemente cos\u00ec e tu lo sai: la settimana scorsa dissi a Claudia di fare due telefonate: [&hellip;]\" \/>\n<meta property=\"og:url\" content=\"https:\/\/ilmondodiadriano.it\/eng\/2017\/02\/07\/la-verita\/\" \/>\n<meta property=\"og:site_name\" content=\"Il Mondo di Adriano\" \/>\n<meta property=\"article:published_time\" content=\"2017-02-07T16:58:19+00:00\" \/>\n<meta property=\"article:modified_time\" content=\"2025-01-14T11:30:36+00:00\" \/>\n<meta property=\"og:image\" content=\"https:\/\/ilmondodiadriano.it\/eng\/wp-content\/uploads\/2017\/02\/Blog-III.png\" \/>\n\t<meta property=\"og:image:width\" content=\"1745\" \/>\n\t<meta property=\"og:image:height\" content=\"818\" \/>\n\t<meta property=\"og:image:type\" content=\"image\/png\" \/>\n<meta name=\"author\" content=\"comunicarlo\" \/>\n<meta name=\"twitter:card\" content=\"summary_large_image\" \/>\n<meta name=\"twitter:label1\" content=\"Written by\" \/>\n\t<meta name=\"twitter:data1\" content=\"comunicarlo\" \/>\n\t<meta name=\"twitter:label2\" content=\"Est. reading time\" \/>\n\t<meta name=\"twitter:data2\" content=\"2 minutes\" \/>\n<script type=\"application\/ld+json\" class=\"yoast-schema-graph\">{\"@context\":\"https:\/\/schema.org\",\"@graph\":[{\"@type\":\"Article\",\"@id\":\"https:\/\/ilmondodiadriano.it\/eng\/2017\/02\/07\/la-verita\/#article\",\"isPartOf\":{\"@id\":\"https:\/\/ilmondodiadriano.it\/eng\/2017\/02\/07\/la-verita\/\"},\"author\":{\"name\":\"comunicarlo\",\"@id\":\"https:\/\/ilmondodiadriano.it\/eng\/#\/schema\/person\/0edb0be757801de8e5e24c13621a80f6\"},\"headline\":\"LA VERIT\u00c0\",\"datePublished\":\"2017-02-07T16:58:19+00:00\",\"dateModified\":\"2025-01-14T11:30:36+00:00\",\"mainEntityOfPage\":{\"@id\":\"https:\/\/ilmondodiadriano.it\/eng\/2017\/02\/07\/la-verita\/\"},\"wordCount\":235,\"image\":{\"@id\":\"https:\/\/ilmondodiadriano.it\/eng\/2017\/02\/07\/la-verita\/#primaryimage\"},\"thumbnailUrl\":\"https:\/\/ilmondodiadriano.it\/eng\/wp-content\/uploads\/2017\/02\/Blog-III.png\",\"articleSection\":[\"Articolo\"],\"inLanguage\":\"en-US\"},{\"@type\":\"WebPage\",\"@id\":\"https:\/\/ilmondodiadriano.it\/eng\/2017\/02\/07\/la-verita\/\",\"url\":\"https:\/\/ilmondodiadriano.it\/eng\/2017\/02\/07\/la-verita\/\",\"name\":\"LA VERIT\u00c0 - Il Mondo di Adriano\",\"isPartOf\":{\"@id\":\"https:\/\/ilmondodiadriano.it\/eng\/#website\"},\"primaryImageOfPage\":{\"@id\":\"https:\/\/ilmondodiadriano.it\/eng\/2017\/02\/07\/la-verita\/#primaryimage\"},\"image\":{\"@id\":\"https:\/\/ilmondodiadriano.it\/eng\/2017\/02\/07\/la-verita\/#primaryimage\"},\"thumbnailUrl\":\"https:\/\/ilmondodiadriano.it\/eng\/wp-content\/uploads\/2017\/02\/Blog-III.png\",\"datePublished\":\"2017-02-07T16:58:19+00:00\",\"dateModified\":\"2025-01-14T11:30:36+00:00\",\"author\":{\"@id\":\"https:\/\/ilmondodiadriano.it\/eng\/#\/schema\/person\/0edb0be757801de8e5e24c13621a80f6\"},\"breadcrumb\":{\"@id\":\"https:\/\/ilmondodiadriano.it\/eng\/2017\/02\/07\/la-verita\/#breadcrumb\"},\"inLanguage\":\"en-US\",\"potentialAction\":[{\"@type\":\"ReadAction\",\"target\":[\"https:\/\/ilmondodiadriano.it\/eng\/2017\/02\/07\/la-verita\/\"]}]},{\"@type\":\"ImageObject\",\"inLanguage\":\"en-US\",\"@id\":\"https:\/\/ilmondodiadriano.it\/eng\/2017\/02\/07\/la-verita\/#primaryimage\",\"url\":\"https:\/\/ilmondodiadriano.it\/eng\/wp-content\/uploads\/2017\/02\/Blog-III.png\",\"contentUrl\":\"https:\/\/ilmondodiadriano.it\/eng\/wp-content\/uploads\/2017\/02\/Blog-III.png\",\"width\":1745,\"height\":818},{\"@type\":\"BreadcrumbList\",\"@id\":\"https:\/\/ilmondodiadriano.it\/eng\/2017\/02\/07\/la-verita\/#breadcrumb\",\"itemListElement\":[{\"@type\":\"ListItem\",\"position\":1,\"name\":\"Home\",\"item\":\"https:\/\/ilmondodiadriano.it\/eng\/\"},{\"@type\":\"ListItem\",\"position\":2,\"name\":\"LA VERIT\u00c0\"}]},{\"@type\":\"WebSite\",\"@id\":\"https:\/\/ilmondodiadriano.it\/eng\/#website\",\"url\":\"https:\/\/ilmondodiadriano.it\/eng\/\",\"name\":\"Il Mondo di Adriano\",\"description\":\"The official Adriano Celentano website\",\"potentialAction\":[{\"@type\":\"SearchAction\",\"target\":{\"@type\":\"EntryPoint\",\"urlTemplate\":\"https:\/\/ilmondodiadriano.it\/eng\/?s={search_term_string}\"},\"query-input\":{\"@type\":\"PropertyValueSpecification\",\"valueRequired\":true,\"valueName\":\"search_term_string\"}}],\"inLanguage\":\"en-US\"},{\"@type\":\"Person\",\"@id\":\"https:\/\/ilmondodiadriano.it\/eng\/#\/schema\/person\/0edb0be757801de8e5e24c13621a80f6\",\"name\":\"comunicarlo\",\"image\":{\"@type\":\"ImageObject\",\"inLanguage\":\"en-US\",\"@id\":\"https:\/\/ilmondodiadriano.it\/eng\/#\/schema\/person\/image\/\",\"url\":\"https:\/\/secure.gravatar.com\/avatar\/7be1ad43a24535e85ba8bdebc8f87995?s=96&d=mm&r=g\",\"contentUrl\":\"https:\/\/secure.gravatar.com\/avatar\/7be1ad43a24535e85ba8bdebc8f87995?s=96&d=mm&r=g\",\"caption\":\"comunicarlo\"},\"url\":\"https:\/\/ilmondodiadriano.it\/eng\/author\/comunicarlo\/\"}]}<\/script>\n<!-- \/ Yoast SEO plugin. -->","yoast_head_json":{"title":"LA VERIT\u00c0 - Il Mondo di Adriano","robots":{"index":"index","follow":"follow","max-snippet":"max-snippet:-1","max-image-preview":"max-image-preview:large","max-video-preview":"max-video-preview:-1"},"canonical":"https:\/\/ilmondodiadriano.it\/eng\/2017\/02\/07\/la-verita\/","og_locale":"en_US","og_type":"article","og_title":"LA VERIT\u00c0 - Il Mondo di Adriano","og_description":"Caro Andrea Fabiano di Rai 1, non mi piace per niente il modo di come \u00e8 stata divulgata alla stampa la VERIT\u00c0 sulla messa in onda delle due serate dedicate a &#8220;Mina-Celentano&#8221; previste in primavera. Le cose sono andate semplicemente cos\u00ec e tu lo sai: la settimana scorsa dissi a Claudia di fare due telefonate: [&hellip;]","og_url":"https:\/\/ilmondodiadriano.it\/eng\/2017\/02\/07\/la-verita\/","og_site_name":"Il Mondo di Adriano","article_published_time":"2017-02-07T16:58:19+00:00","article_modified_time":"2025-01-14T11:30:36+00:00","og_image":[{"width":1745,"height":818,"url":"https:\/\/ilmondodiadriano.it\/eng\/wp-content\/uploads\/2017\/02\/Blog-III.png","type":"image\/png"}],"author":"comunicarlo","twitter_card":"summary_large_image","twitter_misc":{"Written by":"comunicarlo","Est. reading time":"2 minutes"},"schema":{"@context":"https:\/\/schema.org","@graph":[{"@type":"Article","@id":"https:\/\/ilmondodiadriano.it\/eng\/2017\/02\/07\/la-verita\/#article","isPartOf":{"@id":"https:\/\/ilmondodiadriano.it\/eng\/2017\/02\/07\/la-verita\/"},"author":{"name":"comunicarlo","@id":"https:\/\/ilmondodiadriano.it\/eng\/#\/schema\/person\/0edb0be757801de8e5e24c13621a80f6"},"headline":"LA VERIT\u00c0","datePublished":"2017-02-07T16:58:19+00:00","dateModified":"2025-01-14T11:30:36+00:00","mainEntityOfPage":{"@id":"https:\/\/ilmondodiadriano.it\/eng\/2017\/02\/07\/la-verita\/"},"wordCount":235,"image":{"@id":"https:\/\/ilmondodiadriano.it\/eng\/2017\/02\/07\/la-verita\/#primaryimage"},"thumbnailUrl":"https:\/\/ilmondodiadriano.it\/eng\/wp-content\/uploads\/2017\/02\/Blog-III.png","articleSection":["Articolo"],"inLanguage":"en-US"},{"@type":"WebPage","@id":"https:\/\/ilmondodiadriano.it\/eng\/2017\/02\/07\/la-verita\/","url":"https:\/\/ilmondodiadriano.it\/eng\/2017\/02\/07\/la-verita\/","name":"LA VERIT\u00c0 - Il Mondo di Adriano","isPartOf":{"@id":"https:\/\/ilmondodiadriano.it\/eng\/#website"},"primaryImageOfPage":{"@id":"https:\/\/ilmondodiadriano.it\/eng\/2017\/02\/07\/la-verita\/#primaryimage"},"image":{"@id":"https:\/\/ilmondodiadriano.it\/eng\/2017\/02\/07\/la-verita\/#primaryimage"},"thumbnailUrl":"https:\/\/ilmondodiadriano.it\/eng\/wp-content\/uploads\/2017\/02\/Blog-III.png","datePublished":"2017-02-07T16:58:19+00:00","dateModified":"2025-01-14T11:30:36+00:00","author":{"@id":"https:\/\/ilmondodiadriano.it\/eng\/#\/schema\/person\/0edb0be757801de8e5e24c13621a80f6"},"breadcrumb":{"@id":"https:\/\/ilmondodiadriano.it\/eng\/2017\/02\/07\/la-verita\/#breadcrumb"},"inLanguage":"en-US","potentialAction":[{"@type":"ReadAction","target":["https:\/\/ilmondodiadriano.it\/eng\/2017\/02\/07\/la-verita\/"]}]},{"@type":"ImageObject","inLanguage":"en-US","@id":"https:\/\/ilmondodiadriano.it\/eng\/2017\/02\/07\/la-verita\/#primaryimage","url":"https:\/\/ilmondodiadriano.it\/eng\/wp-content\/uploads\/2017\/02\/Blog-III.png","contentUrl":"https:\/\/ilmondodiadriano.it\/eng\/wp-content\/uploads\/2017\/02\/Blog-III.png","width":1745,"height":818},{"@type":"BreadcrumbList","@id":"https:\/\/ilmondodiadriano.it\/eng\/2017\/02\/07\/la-verita\/#breadcrumb","itemListElement":[{"@type":"ListItem","position":1,"name":"Home","item":"https:\/\/ilmondodiadriano.it\/eng\/"},{"@type":"ListItem","position":2,"name":"LA VERIT\u00c0"}]},{"@type":"WebSite","@id":"https:\/\/ilmondodiadriano.it\/eng\/#website","url":"https:\/\/ilmondodiadriano.it\/eng\/","name":"Il Mondo di Adriano","description":"The official Adriano Celentano website","potentialAction":[{"@type":"SearchAction","target":{"@type":"EntryPoint","urlTemplate":"https:\/\/ilmondodiadriano.it\/eng\/?s={search_term_string}"},"query-input":{"@type":"PropertyValueSpecification","valueRequired":true,"valueName":"search_term_string"}}],"inLanguage":"en-US"},{"@type":"Person","@id":"https:\/\/ilmondodiadriano.it\/eng\/#\/schema\/person\/0edb0be757801de8e5e24c13621a80f6","name":"comunicarlo","image":{"@type":"ImageObject","inLanguage":"en-US","@id":"https:\/\/ilmondodiadriano.it\/eng\/#\/schema\/person\/image\/","url":"https:\/\/secure.gravatar.com\/avatar\/7be1ad43a24535e85ba8bdebc8f87995?s=96&d=mm&r=g","contentUrl":"https:\/\/secure.gravatar.com\/avatar\/7be1ad43a24535e85ba8bdebc8f87995?s=96&d=mm&r=g","caption":"comunicarlo"},"url":"https:\/\/ilmondodiadriano.it\/eng\/author\/comunicarlo\/"}]}},"_links":{"self":[{"href":"https:\/\/ilmondodiadriano.it\/eng\/wp-json\/wp\/v2\/posts\/9015","targetHints":{"allow":["GET"]}}],"collection":[{"href":"https:\/\/ilmondodiadriano.it\/eng\/wp-json\/wp\/v2\/posts"}],"about":[{"href":"https:\/\/ilmondodiadriano.it\/eng\/wp-json\/wp\/v2\/types\/post"}],"author":[{"embeddable":true,"href":"https:\/\/ilmondodiadriano.it\/eng\/wp-json\/wp\/v2\/users\/8"}],"replies":[{"embeddable":true,"href":"https:\/\/ilmondodiadriano.it\/eng\/wp-json\/wp\/v2\/comments?post=9015"}],"version-history":[{"count":6,"href":"https:\/\/ilmondodiadriano.it\/eng\/wp-json\/wp\/v2\/posts\/9015\/revisions"}],"predecessor-version":[{"id":9227,"href":"https:\/\/ilmondodiadriano.it\/eng\/wp-json\/wp\/v2\/posts\/9015\/revisions\/9227"}],"wp:featuredmedia":[{"embeddable":true,"href":"https:\/\/ilmondodiadriano.it\/eng\/wp-json\/wp\/v2\/media\/9017"}],"wp:attachment":[{"href":"https:\/\/ilmondodiadriano.it\/eng\/wp-json\/wp\/v2\/media?parent=9015"}],"wp:term":[{"taxonomy":"category","embeddable":true,"href":"https:\/\/ilmondodiadriano.it\/eng\/wp-json\/wp\/v2\/categories?post=9015"},{"taxonomy":"post_tag","embeddable":true,"href":"https:\/\/ilmondodiadriano.it\/eng\/wp-json\/wp\/v2\/tags?post=9015"}],"curies":[{"name":"wp","href":"https:\/\/api.w.org\/{rel}","templated":true}]}}